{"id":128692,"date":"2023-10-25T08:14:42","date_gmt":"2023-10-25T11:14:42","guid":{"rendered":"https:\/\/vinasfm.com\/noticias\/?p=128692"},"modified":"2023-10-26T08:50:28","modified_gmt":"2023-10-26T11:50:28","slug":"el-operativo-para-mitigar-el-granizo-abarco-los-4-oasis","status":"publish","type":"post","link":"https:\/\/vinasfm.com\/noticias\/el-operativo-para-mitigar-el-granizo-abarco-los-4-oasis\/","title":{"rendered":"EL OPERATIVO PARA MITIGAR EL GRANIZO ABARC\u00d3 LOS 4 OASIS"},"content":{"rendered":"<p><span style=\"color: #000000;\"><strong>La red de generadores de superficie se mantuvo activa 6 horas y los aviones completaron 3 vuelos. Se mantiene la estabilidad en el Sur.<\/strong><\/span><\/p>\n<p><span style=\"color: #000000;\">Los cuatro oasis productivos de la provincia fueron afectados por tormentas en las \u00faltimas horas. La formaci\u00f3n de celdas se debi\u00f3 al enfriamiento de las capas superiores y al ingreso de aire h\u00famedo del sudeste, seg\u00fan explic\u00f3 el meteor\u00f3logo de la Contingencias Clim\u00e1tica, Carlos Bustos.<\/span><\/p>\n<p><span style=\"color: #000000;\">Frente a este panorama, el sistema de mitigaci\u00f3n de granizo respondi\u00f3 con un operativo que incluy\u00f3 siembra con aviones y con generadores. En total, se completaron 3 vuelos (9 horas), 2 en el Sur y 1 en el Norte, y la red de generadores estuvo activa 6 horas.<\/span><\/p>\n<p><span style=\"color: #000000;\">La informaci\u00f3n proporcionada por los radares se\u00f1ala que en los oasis Norte y Este se observaron lluvias moderadas en zona cultivada de Las Heras, Capital, Godoy Cruz, Luj\u00e1n de Cuyo, Maip\u00fa, y en zonas de campo de Las Heras, Godoy Cruz y Luj\u00e1n de Cuyo.<\/span><\/p>\n<p><span style=\"color: #000000;\">En el Valle de Uco, lluvias moderadas a fuertes y granizo en zona cultivada de Tunuy\u00e1n: Los \u00c1rboles, Vista Flores, Los Sauces, La Primavera, Colonia Las Rosas, Villa Seca, y San Carlos: Norte de La Consulta.<\/span><\/p>\n<p><span style=\"color: #000000;\">En el oasis Sur, los radares registraron lluvia fuerte generalizada en los tres departamentos, con probable granizo en zona de campo de San Rafael: Cerro Diamante, Pampa el Diamante, y Malarg\u00fce: Volc\u00e1n Carapacho, Cerro Nevado.<\/span><\/p>\n","protected":false},"excerpt":{"rendered":"<p>La red de generadores de superficie se mantuvo activa 6 horas y los aviones completaron 3 vuelos. Se mantiene la estabilidad &#8230;<\/p>\n","protected":false},"author":7,"featured_media":128693,"comment_status":"open","ping_status":"open","sticky":false,"template":"","format":"standard","meta":{"footnotes":""},"categories":[5,14],"tags":[],"class_list":["post-128692","post","type-post","status-publish","format-standard","has-post-thumbnail","hentry","category-actualidad","category-agro"],"_links":{"self":[{"href":"https:\/\/vinasfm.com\/noticias\/wp-json\/wp\/v2\/posts\/128692","targetHints":{"allow":["GET"]}}],"collection":[{"href":"https:\/\/vinasfm.com\/noticias\/wp-json\/wp\/v2\/posts"}],"about":[{"href":"https:\/\/vinasfm.com\/noticias\/wp-json\/wp\/v2\/types\/post"}],"author":[{"embeddable":true,"href":"https:\/\/vinasfm.com\/noticias\/wp-json\/wp\/v2\/users\/7"}],"replies":[{"embeddable":true,"href":"https:\/\/vinasfm.com\/noticias\/wp-json\/wp\/v2\/comments?post=128692"}],"version-history":[{"count":1,"href":"https:\/\/vinasfm.com\/noticias\/wp-json\/wp\/v2\/posts\/128692\/revisions"}],"predecessor-version":[{"id":128694,"href":"https:\/\/vinasfm.com\/noticias\/wp-json\/wp\/v2\/posts\/128692\/revisions\/128694"}],"wp:featuredmedia":[{"embeddable":true,"href":"https:\/\/vinasfm.com\/noticias\/wp-json\/wp\/v2\/media\/128693"}],"wp:attachment":[{"href":"https:\/\/vinasfm.com\/noticias\/wp-json\/wp\/v2\/media?parent=128692"}],"wp:term":[{"taxonomy":"category","embeddable":true,"href":"https:\/\/vinasfm.com\/noticias\/wp-json\/wp\/v2\/categories?post=128692"},{"taxonomy":"post_tag","embeddable":true,"href":"https:\/\/vinasfm.com\/noticias\/wp-json\/wp\/v2\/tags?post=128692"}],"curies":[{"name":"wp","href":"https:\/\/api.w.org\/{rel}","templated":true}]}}