{"id":128680,"date":"2023-10-24T10:52:48","date_gmt":"2023-10-24T13:52:48","guid":{"rendered":"https:\/\/vinasfm.com\/noticias\/?p=128680"},"modified":"2023-10-24T10:52:48","modified_gmt":"2023-10-24T13:52:48","slug":"el-futuro-del-vino-argentino-sera-analizado-en-mendoza-por-empresarios-vitivinicolas-y-funcionarios","status":"publish","type":"post","link":"https:\/\/vinasfm.com\/noticias\/el-futuro-del-vino-argentino-sera-analizado-en-mendoza-por-empresarios-vitivinicolas-y-funcionarios\/","title":{"rendered":"EL FUTURO DEL VINO ARGENTINO SER\u00c1 ANALIZADO EN MENDOZA POR EMPRESARIOS VITIVIN\u00cdCOLAS Y FUNCIONARIOS"},"content":{"rendered":"<p><strong>Este jueves se desarrollar\u00e1 un importante encuentro en la bodega Los Toneles. Habr\u00e1 un destacado panel de conferencistas para analizar la incertidumbre y las oportunidades del mercado del vino.<\/strong><\/p>\n<p>Representantes de bodegas y empresas del\u00a0<strong>sector vitivin\u00edcola<\/strong>, y autoridades provinciales y nacionales analizar\u00e1n el pr\u00f3ximo jueves en Mendoza la evoluci\u00f3n del\u00a0<strong>mercado del vino,\u00a0<\/strong>sus principales desaf\u00edos, las oportunidades a explorar y el contexto local e internacional en el que se desarrolla el negocio.<\/p>\n<div class=\"AV628be11f1759070b186149c8\">\n<div id=\"aniBox\">\n<div id=\"aniplayer_AV628be11f1759070b186149c8-1698155361218\">\n<div id=\"aniplayer_AV628be11f1759070b186149c8-1698155361218gui\">\n<div id=\"av-caption\">\n<div id=\"av-close-btn-overlay\" class=\"av-pos-top-left\">\n<p>Lo har\u00e1n en el encuentro\u00a0<strong>\u00abEl futuro del vino argentino. Entre la incertidumbre y las oportunidades\u00bb,\u00a0<\/strong>organizado por el Fondo Vitivin\u00edcola y la Corporaci\u00f3n Vitivin\u00edcola (Coviar) y con el patrocinio de la Organizaci\u00f3n Internacional de la Vi\u00f1a y el Vino (OIV), del Instituto Nacional de Vitivinicultura (INV) y los gobiernos de Mendoza y San Juan.\u00a0<strong>Ser\u00e1 desde las 8.30 en la bodega Los Toneles, de Guaymall\u00e9n<\/strong>.<\/p>\n<p>El principal objetivo del foro es poner a disposici\u00f3n de todo el sector vitivin\u00edcola<strong>\u00a0informaci\u00f3n estrat\u00e9gica<\/strong>\u00a0para entender la situaci\u00f3n competitiva del vino argentino, las tendencias de consumo, el humor social, el pa\u00eds y el mundo que viene.<\/p>\n<p><img decoding=\"async\" src=\"https:\/\/media.diariouno.com.ar\/p\/83f4933f9e748e8e5cef404d23b06268\/adjuntos\/298\/imagenes\/009\/245\/0009245940\/1200x0\/smart\/flyer-el-futuro-del-vinojpeg-596x375jpg.jpg\" \/><\/p>\n<h2>Destacados conferencistas<\/h2>\n<p>Con este horizonte, las conferencias delinear\u00e1n el panorama local y global para el negocio y sumar\u00e1n datos de la coyuntura econ\u00f3mica, social y pol\u00edtica.<\/p>\n<p>El programa se inicia con un relevamiento de\u00a0<strong>Kantar World Panel<\/strong>\u00a0a hogares argentinos que permitir\u00e1 radiografiar la evoluci\u00f3n del mercado local del vino y sus principales variables:\u00a0<strong>penetraci\u00f3n, volumen, facturaci\u00f3n, canales, perfiles de los hogares compradores, sustituci\u00f3n y convivencia con otras bebidas alcoh\u00f3licas<\/strong>.<\/p>\n<p>En la presentaci\u00f3n, a cargo de\u00a0<strong>Carolina N\u00fa\u00f1ez, gerenta de Nuevo Negocios en Kantar World Panel,<\/strong>\u00a0tambi\u00e9n se abordar\u00e1n las oportunidades que presentan para el vino el mercado de bebidas de menor graduaci\u00f3n alcoh\u00f3lica.<\/p>\n<p>La segunda conferencia estar\u00e1 a cargo de Giorgio Delgrosso, especialista en Estad\u00edsticas y Digitalizaci\u00f3n de la OIV, quien propone repasar el impacto de las nuevas reglas en el comercio mundial que est\u00e1n redefiniendo el negocio vitivin\u00edcola:\u00a0<strong>el debate sobre la salud, las legislaciones denominadas de \u00abtolerancia cero\u00bb, nuevas reglas de etiquetado, sustentabilidad, cambio clim\u00e1tico.<\/strong><\/p>\n<p>Para entender el mundo que vivimos y el mundo que viene, el experto en relaciones internacionales\u00a0<strong>Juan Gabriel Tokatlian<\/strong>, soci\u00f3logo y docente de la Universidad Torcuato Di Tella, explicar\u00e1 en qu\u00e9 sentido las relaciones internacionales modelan la vida de los pa\u00edses y su comercio en un mundo cada vez m\u00e1s complejo.<\/p>\n<p>Este bloque contar\u00e1 con la moderaci\u00f3n de la periodista\u00a0<strong>Hinde Pomeraniec<\/strong>, especialista en pol\u00edtica internacional.<\/p>\n<p>El analista estrat\u00e9gico de negocios\u00a0<strong>Guillermo Oliveto<\/strong>\u00a0abordar\u00e1 en qu\u00e9 escenario el vino puede conectar con sus consumidores, actuales y potenciales, y entender cu\u00e1les son las oportunidades que surgen entre las m\u00faltiples incertidumbres.<\/p>\n<\/div>\n<\/div>\n<\/div>\n<\/div>\n<\/div>\n<\/div>\n","protected":false},"excerpt":{"rendered":"<p>Este jueves se desarrollar\u00e1 un importante encuentro en la bodega Los Toneles. Habr\u00e1 un destacado panel de conferencistas para analizar la &#8230;<\/p>\n","protected":false},"author":7,"featured_media":128681,"comment_status":"open","ping_status":"open","sticky":false,"template":"","format":"standard","meta":{"footnotes":""},"categories":[1],"tags":[],"class_list":["post-128680","post","type-post","status-publish","format-standard","has-post-thumbnail","hentry","category-fmvinas"],"_links":{"self":[{"href":"https:\/\/vinasfm.com\/noticias\/wp-json\/wp\/v2\/posts\/128680","targetHints":{"allow":["GET"]}}],"collection":[{"href":"https:\/\/vinasfm.com\/noticias\/wp-json\/wp\/v2\/posts"}],"about":[{"href":"https:\/\/vinasfm.com\/noticias\/wp-json\/wp\/v2\/types\/post"}],"author":[{"embeddable":true,"href":"https:\/\/vinasfm.com\/noticias\/wp-json\/wp\/v2\/users\/7"}],"replies":[{"embeddable":true,"href":"https:\/\/vinasfm.com\/noticias\/wp-json\/wp\/v2\/comments?post=128680"}],"version-history":[{"count":1,"href":"https:\/\/vinasfm.com\/noticias\/wp-json\/wp\/v2\/posts\/128680\/revisions"}],"predecessor-version":[{"id":128682,"href":"https:\/\/vinasfm.com\/noticias\/wp-json\/wp\/v2\/posts\/128680\/revisions\/128682"}],"wp:featuredmedia":[{"embeddable":true,"href":"https:\/\/vinasfm.com\/noticias\/wp-json\/wp\/v2\/media\/128681"}],"wp:attachment":[{"href":"https:\/\/vinasfm.com\/noticias\/wp-json\/wp\/v2\/media?parent=128680"}],"wp:term":[{"taxonomy":"category","embeddable":true,"href":"https:\/\/vinasfm.com\/noticias\/wp-json\/wp\/v2\/categories?post=128680"},{"taxonomy":"post_tag","embeddable":true,"href":"https:\/\/vinasfm.com\/noticias\/wp-json\/wp\/v2\/tags?post=128680"}],"curies":[{"name":"wp","href":"https:\/\/api.w.org\/{rel}","templated":true}]}}