{"id":128676,"date":"2023-10-24T10:19:50","date_gmt":"2023-10-24T13:19:50","guid":{"rendered":"https:\/\/vinasfm.com\/noticias\/?p=128676"},"modified":"2023-10-24T10:19:50","modified_gmt":"2023-10-24T13:19:50","slug":"confirman-el-aumento-del-boleto-del-micro-desde-cuando-y-a-cuanto-se-ira","status":"publish","type":"post","link":"https:\/\/vinasfm.com\/noticias\/confirman-el-aumento-del-boleto-del-micro-desde-cuando-y-a-cuanto-se-ira\/","title":{"rendered":"CONFIRMAN EL AUMENTO DEL BOLETO DEL MICRO: DESDE CU\u00c1NDO Y A CU\u00c1NTO SE IR\u00c1"},"content":{"rendered":"<p class=\"news-headline__article-summary\"><strong>Apenas pasadas las elecciones, el lunes 23 de octubre el gobernador Rodolfo Suarez firm\u00f3 el decreto para autorizar una actualizaci\u00f3n de la tarifa de colectivos.<\/strong><\/p>\n<p>Tal como adelantamos d\u00edas atr\u00e1s, se viene un nuevo aumento en el precio del boleto del transporte p\u00fablico de pasajeros urbano, que impactar\u00e1 tambi\u00e9n en la media distancia. La medida fue oficializada este martes a trav\u00e9s del Bolet\u00edn Oficial. Desde cu\u00e1ndo se aplicar\u00e1 la suba y de cu\u00e1nto ser\u00e1.<\/p>\n<p>Inmediatamente pasadas las elecciones, este lunes 23 de octubre el gobernador Rodolfo Suarez firm\u00f3 el decreto para autorizar una actualizaci\u00f3n de la tarifa de micros en la Provincia de Mendoza, que fue publicado este martes con el n\u00famero 2198.<\/p>\n<p>Seg\u00fan este decreto, el incremento rige desde hoy y ser\u00e1 de forma escalonada y llegar\u00e1 a los $200.<\/p>\n<p>Con el primero tramo, el boleto pasa de los actuales $70 a $120, pero desde el 1 de diciembre llegar\u00e1 a $160 y desde el 1 de febrero a $200.<\/p>\n<p>En tanto, el decreto aclara que todos los abonos mantendr\u00e1n los mismos tipos, cantidad de viajes y descuentos, vigentes a la fecha, sin perjuicio de aquellos beneficios que pudieran incorporarse en el futuro.<\/p>\n<h2>As\u00ed quedan los nuevo precios del boleto de micros en en la Provincia de Mendoza:<\/h2>\n<div id=\"666621-Libre-63412993_wrap\" class=\"embed_cont type_imagen\" contenteditable=\"false\">\n<div id=\"666621-Libre-63412993_content\" class=\"embed_content\"><img decoding=\"async\" id=\"666621-Libre-63412993_embed\" title=\"\" src=\"https:\/\/media.sitioandino.com.ar\/p\/e7310a9a1988c0a05f9235cd864a10a7\/adjuntos\/335\/imagenes\/000\/657\/0000657645\/790x0\/smart\/tarifa-al-30-noviembrejpg.jpg\" alt=\"\" width=\"790\" height=\"\" data-td-src-property=\"https:\/\/media.sitioandino.com.ar\/p\/e7310a9a1988c0a05f9235cd864a10a7\/adjuntos\/335\/imagenes\/000\/657\/0000657645\/790x0\/smart\/tarifa-al-30-noviembrejpg.jpg\" \/><\/div>\n<\/div>\n<div id=\"666622-Libre-1631347600_wrap\" class=\"embed_cont type_imagen\" contenteditable=\"false\">\n<div id=\"666622-Libre-1631347600_content\" class=\"embed_content\"><img decoding=\"async\" id=\"666622-Libre-1631347600_embed\" title=\"\" src=\"https:\/\/media.sitioandino.com.ar\/p\/eafda8a36c93f88b5ce5821c12719911\/adjuntos\/335\/imagenes\/000\/657\/0000657646\/790x0\/smart\/tarifa-al-31-enerojpg.jpg\" alt=\"\" width=\"790\" height=\"\" data-td-src-property=\"https:\/\/media.sitioandino.com.ar\/p\/eafda8a36c93f88b5ce5821c12719911\/adjuntos\/335\/imagenes\/000\/657\/0000657646\/790x0\/smart\/tarifa-al-31-enerojpg.jpg\" \/><\/div>\n<\/div>\n<div id=\"666623-Libre-693532775_wrap\" class=\"embed_cont type_imagen\" contenteditable=\"false\">\n<div id=\"666623-Libre-693532775_content\" class=\"embed_content\"><img decoding=\"async\" id=\"666623-Libre-693532775_embed\" title=\"\" src=\"https:\/\/media.sitioandino.com.ar\/p\/aa6ab54527f6ee01017aa2dcc036da36\/adjuntos\/335\/imagenes\/000\/657\/0000657647\/790x0\/smart\/tarifa-febrerojpg.jpg\" alt=\"\" width=\"790\" height=\"\" data-td-src-property=\"https:\/\/media.sitioandino.com.ar\/p\/aa6ab54527f6ee01017aa2dcc036da36\/adjuntos\/335\/imagenes\/000\/657\/0000657647\/790x0\/smart\/tarifa-febrerojpg.jpg\" \/><\/div>\n<\/div>\n","protected":false},"excerpt":{"rendered":"<p>Apenas pasadas las elecciones, el lunes 23 de octubre el gobernador Rodolfo Suarez firm\u00f3 el decreto para autorizar una actualizaci\u00f3n de &#8230;<\/p>\n","protected":false},"author":7,"featured_media":128677,"comment_status":"open","ping_status":"open","sticky":false,"template":"","format":"standard","meta":{"footnotes":""},"categories":[1],"tags":[],"class_list":["post-128676","post","type-post","status-publish","format-standard","has-post-thumbnail","hentry","category-fmvinas"],"_links":{"self":[{"href":"https:\/\/vinasfm.com\/noticias\/wp-json\/wp\/v2\/posts\/128676","targetHints":{"allow":["GET"]}}],"collection":[{"href":"https:\/\/vinasfm.com\/noticias\/wp-json\/wp\/v2\/posts"}],"about":[{"href":"https:\/\/vinasfm.com\/noticias\/wp-json\/wp\/v2\/types\/post"}],"author":[{"embeddable":true,"href":"https:\/\/vinasfm.com\/noticias\/wp-json\/wp\/v2\/users\/7"}],"replies":[{"embeddable":true,"href":"https:\/\/vinasfm.com\/noticias\/wp-json\/wp\/v2\/comments?post=128676"}],"version-history":[{"count":1,"href":"https:\/\/vinasfm.com\/noticias\/wp-json\/wp\/v2\/posts\/128676\/revisions"}],"predecessor-version":[{"id":128678,"href":"https:\/\/vinasfm.com\/noticias\/wp-json\/wp\/v2\/posts\/128676\/revisions\/128678"}],"wp:featuredmedia":[{"embeddable":true,"href":"https:\/\/vinasfm.com\/noticias\/wp-json\/wp\/v2\/media\/128677"}],"wp:attachment":[{"href":"https:\/\/vinasfm.com\/noticias\/wp-json\/wp\/v2\/media?parent=128676"}],"wp:term":[{"taxonomy":"category","embeddable":true,"href":"https:\/\/vinasfm.com\/noticias\/wp-json\/wp\/v2\/categories?post=128676"},{"taxonomy":"post_tag","embeddable":true,"href":"https:\/\/vinasfm.com\/noticias\/wp-json\/wp\/v2\/tags?post=128676"}],"curies":[{"name":"wp","href":"https:\/\/api.w.org\/{rel}","templated":true}]}}