{"id":128664,"date":"2023-10-24T09:29:31","date_gmt":"2023-10-24T12:29:31","guid":{"rendered":"https:\/\/vinasfm.com\/noticias\/?p=128664"},"modified":"2023-10-25T08:46:57","modified_gmt":"2023-10-25T11:46:57","slug":"victor-alvarez-se-refirio-al-estado-de-los-caminos","status":"publish","type":"post","link":"https:\/\/vinasfm.com\/noticias\/victor-alvarez-se-refirio-al-estado-de-los-caminos\/","title":{"rendered":"V\u00cdCTOR \u00c1LVAREZ SE REFIRI\u00d3 AL ESTADO DE LOS CAMINOS"},"content":{"rendered":"<p><span style=\"color: #000000;\"><strong>Durante los \u00faltimos d\u00edas se presenciaron lluvias en gran parte del territorio provincial y eso ha afectado algunos caminos.<\/strong><\/span><\/p>\n<p><span style=\"color: #000000;\">En zonas como el Oasis Sur, en donde la sequ\u00eda viene afectando desde hace a\u00f1os, la lluvia es un gran beneficio. V\u00edctor \u00c1lvarez, Consejero por la Zona Sur de Vialidad Provincial, sostuvo que <em><strong>\u201cesta humedad, producto de las lluvias, permite que sea mucho m\u00e1s f\u00e1cil realizar tareas importantes y ser constantes con su mantenimiento\u201d.<\/strong><\/em><\/span><\/p>\n<p><span style=\"color: #000000;\">Sin embargo, otros caminos se han visto muy afectados tal es el caso de la Ruta 226;<strong><em> \u201cSolo hay 50 km, el camino en la zona cordillerana se ha visto muy afectado por las lluvias y el deshielo\u201d<\/em><\/strong>, se\u00f1al\u00f3 \u00c1lvarez. Adem\u00e1s, explic\u00f3 que <strong><em>\u201cse espera trabajar en conjunto con Hidr\u00e1ulica para encauzar el arroyo y normalizar la traza del R\u00edo Grande que ha afectado el lateral del camino\u201d.<\/em><\/strong><\/span><\/p>\n<p><a href=\"https:\/\/vinasfm.com\/noticias\/wp-content\/uploads\/2023\/10\/IMG-20231023-WA0034.jpg\"><img loading=\"lazy\" decoding=\"async\" class=\"alignnone wp-image-128669\" src=\"https:\/\/vinasfm.com\/noticias\/wp-content\/uploads\/2023\/10\/IMG-20231023-WA0034-461x1024.jpg\" alt=\"\" width=\"250\" height=\"555\" srcset=\"https:\/\/vinasfm.com\/noticias\/wp-content\/uploads\/2023\/10\/IMG-20231023-WA0034-461x1024.jpg 461w, https:\/\/vinasfm.com\/noticias\/wp-content\/uploads\/2023\/10\/IMG-20231023-WA0034-135x300.jpg 135w, https:\/\/vinasfm.com\/noticias\/wp-content\/uploads\/2023\/10\/IMG-20231023-WA0034-692x1536.jpg 692w, https:\/\/vinasfm.com\/noticias\/wp-content\/uploads\/2023\/10\/IMG-20231023-WA0034.jpg 721w\" sizes=\"auto, (max-width: 250px) 100vw, 250px\" \/><\/a> <a href=\"https:\/\/vinasfm.com\/noticias\/wp-content\/uploads\/2023\/10\/IMG-20231023-WA0035.jpg\"><img loading=\"lazy\" decoding=\"async\" class=\"alignnone wp-image-128670\" src=\"https:\/\/vinasfm.com\/noticias\/wp-content\/uploads\/2023\/10\/IMG-20231023-WA0035-461x1024.jpg\" alt=\"\" width=\"250\" height=\"555\" srcset=\"https:\/\/vinasfm.com\/noticias\/wp-content\/uploads\/2023\/10\/IMG-20231023-WA0035-461x1024.jpg 461w, https:\/\/vinasfm.com\/noticias\/wp-content\/uploads\/2023\/10\/IMG-20231023-WA0035-135x300.jpg 135w, https:\/\/vinasfm.com\/noticias\/wp-content\/uploads\/2023\/10\/IMG-20231023-WA0035-692x1536.jpg 692w, https:\/\/vinasfm.com\/noticias\/wp-content\/uploads\/2023\/10\/IMG-20231023-WA0035.jpg 721w\" sizes=\"auto, (max-width: 250px) 100vw, 250px\" \/><\/a> <a href=\"https:\/\/vinasfm.com\/noticias\/wp-content\/uploads\/2023\/10\/IMG-20231023-WA0036.jpg\"><img loading=\"lazy\" decoding=\"async\" class=\"alignnone wp-image-128671\" src=\"https:\/\/vinasfm.com\/noticias\/wp-content\/uploads\/2023\/10\/IMG-20231023-WA0036.jpg\" alt=\"\" width=\"250\" height=\"556\" srcset=\"https:\/\/vinasfm.com\/noticias\/wp-content\/uploads\/2023\/10\/IMG-20231023-WA0036.jpg 720w, https:\/\/vinasfm.com\/noticias\/wp-content\/uploads\/2023\/10\/IMG-20231023-WA0036-135x300.jpg 135w, https:\/\/vinasfm.com\/noticias\/wp-content\/uploads\/2023\/10\/IMG-20231023-WA0036-461x1024.jpg 461w, https:\/\/vinasfm.com\/noticias\/wp-content\/uploads\/2023\/10\/IMG-20231023-WA0036-691x1536.jpg 691w\" sizes=\"auto, (max-width: 250px) 100vw, 250px\" \/><\/a><\/p>\n<p><span style=\"color: #000000;\">Se recomienda, en d\u00edas de viento y lluvia, reducir la velocidad y transitar con extrema precauci\u00f3n en zonas de derrumbes. En caso de crecidas, evitar cruzar sectores que pudieran quedar anegados con flujos aluvionales.<\/span><\/p>\n<p><span style=\"color: #000000;\">Asimismo, se deja constancia de que la habilitaci\u00f3n para la circulaci\u00f3n vehicular, tanto para el tr\u00e1nsito interno entre localidades como para el Paso Internacional, es dictaminada por los coordinadores generales de cada pa\u00eds. Informes: Gendarmer\u00eda Nacional. Escuadr\u00f3n 27, Uspallata.<\/span><\/p>\n<h2><span style=\"color: #000000;\">ESTADO DE LAS RUTAS<\/span><\/h2>\n<p><a href=\"https:\/\/vinasfm.com\/noticias\/wp-content\/uploads\/2023\/10\/d3b598ff-ab76-4e46-8916-599c19bb6861.jpg\"><img loading=\"lazy\" decoding=\"async\" class=\"alignnone wp-image-128666 size-full\" src=\"https:\/\/vinasfm.com\/noticias\/wp-content\/uploads\/2023\/10\/d3b598ff-ab76-4e46-8916-599c19bb6861.jpg\" alt=\"\" width=\"682\" height=\"565\" srcset=\"https:\/\/vinasfm.com\/noticias\/wp-content\/uploads\/2023\/10\/d3b598ff-ab76-4e46-8916-599c19bb6861.jpg 682w, https:\/\/vinasfm.com\/noticias\/wp-content\/uploads\/2023\/10\/d3b598ff-ab76-4e46-8916-599c19bb6861-300x249.jpg 300w\" sizes=\"auto, (max-width: 682px) 100vw, 682px\" \/><\/a><a href=\"https:\/\/vinasfm.com\/noticias\/wp-content\/uploads\/2023\/10\/5a6f3d04-5322-4fd7-b7fe-66c94ec74e1e.jpg\"><img loading=\"lazy\" decoding=\"async\" class=\"alignnone wp-image-128665 \" src=\"https:\/\/vinasfm.com\/noticias\/wp-content\/uploads\/2023\/10\/5a6f3d04-5322-4fd7-b7fe-66c94ec74e1e.jpg\" alt=\"\" width=\"690\" height=\"556\" srcset=\"https:\/\/vinasfm.com\/noticias\/wp-content\/uploads\/2023\/10\/5a6f3d04-5322-4fd7-b7fe-66c94ec74e1e.jpg 694w, https:\/\/vinasfm.com\/noticias\/wp-content\/uploads\/2023\/10\/5a6f3d04-5322-4fd7-b7fe-66c94ec74e1e-300x242.jpg 300w\" sizes=\"auto, (max-width: 690px) 100vw, 690px\" \/><\/a><\/p>\n","protected":false},"excerpt":{"rendered":"<p>Durante los \u00faltimos d\u00edas se presenciaron lluvias en gran parte del territorio provincial y eso ha afectado algunos caminos. En zonas &#8230;<\/p>\n","protected":false},"author":7,"featured_media":128673,"comment_status":"open","ping_status":"open","sticky":false,"template":"","format":"standard","meta":{"footnotes":""},"categories":[5,79],"tags":[],"class_list":["post-128664","post","type-post","status-publish","format-standard","has-post-thumbnail","hentry","category-actualidad","category-vialidad"],"_links":{"self":[{"href":"https:\/\/vinasfm.com\/noticias\/wp-json\/wp\/v2\/posts\/128664","targetHints":{"allow":["GET"]}}],"collection":[{"href":"https:\/\/vinasfm.com\/noticias\/wp-json\/wp\/v2\/posts"}],"about":[{"href":"https:\/\/vinasfm.com\/noticias\/wp-json\/wp\/v2\/types\/post"}],"author":[{"embeddable":true,"href":"https:\/\/vinasfm.com\/noticias\/wp-json\/wp\/v2\/users\/7"}],"replies":[{"embeddable":true,"href":"https:\/\/vinasfm.com\/noticias\/wp-json\/wp\/v2\/comments?post=128664"}],"version-history":[{"count":3,"href":"https:\/\/vinasfm.com\/noticias\/wp-json\/wp\/v2\/posts\/128664\/revisions"}],"predecessor-version":[{"id":128674,"href":"https:\/\/vinasfm.com\/noticias\/wp-json\/wp\/v2\/posts\/128664\/revisions\/128674"}],"wp:featuredmedia":[{"embeddable":true,"href":"https:\/\/vinasfm.com\/noticias\/wp-json\/wp\/v2\/media\/128673"}],"wp:attachment":[{"href":"https:\/\/vinasfm.com\/noticias\/wp-json\/wp\/v2\/media?parent=128664"}],"wp:term":[{"taxonomy":"category","embeddable":true,"href":"https:\/\/vinasfm.com\/noticias\/wp-json\/wp\/v2\/categories?post=128664"},{"taxonomy":"post_tag","embeddable":true,"href":"https:\/\/vinasfm.com\/noticias\/wp-json\/wp\/v2\/tags?post=128664"}],"curies":[{"name":"wp","href":"https:\/\/api.w.org\/{rel}","templated":true}]}}