{"id":128661,"date":"2023-10-24T09:18:24","date_gmt":"2023-10-24T12:18:24","guid":{"rendered":"https:\/\/vinasfm.com\/noticias\/?p=128661"},"modified":"2023-10-25T08:47:19","modified_gmt":"2023-10-25T11:47:19","slug":"volco-una-camioneta-en-real-del-padre-danos-materiales","status":"publish","type":"post","link":"https:\/\/vinasfm.com\/noticias\/volco-una-camioneta-en-real-del-padre-danos-materiales\/","title":{"rendered":"VOLC\u00d3 UNA CAMIONETA EN REAL DEL PADRE: DA\u00d1OS MATERIALES"},"content":{"rendered":"<p><span style=\"color: #000000;\"><strong>Una camioneta perteneciente a un correo privado volc\u00f3 este lunes en la zona de Real del Padre. <\/strong><\/span><\/p>\n<p><span style=\"color: #000000;\">El hecho ocurri\u00f3 pasado el mediod\u00eda en la ruta 143, en cercan\u00edas del paraje La Inda cuando, por causas que buscan determinarse, el conductor del veh\u00edculo perdi\u00f3 el dominio del mismo, que sali\u00f3 de la cinta asf\u00e1ltica y termin\u00f3 volcado sobre su techo.<\/span><\/p>\n<p><span style=\"color: #000000;\">A consecuencia del impacto, pudieron observarse da\u00f1os en la estructura del rodado, aunque afortunadamente no hubo que lamentar desgracias personales.<\/span><\/p>\n","protected":false},"excerpt":{"rendered":"<p>Una camioneta perteneciente a un correo privado volc\u00f3 este lunes en la zona de Real del Padre. El hecho ocurri\u00f3 pasado &#8230;<\/p>\n","protected":false},"author":7,"featured_media":128662,"comment_status":"open","ping_status":"open","sticky":false,"template":"","format":"standard","meta":{"footnotes":""},"categories":[5,184],"tags":[],"class_list":["post-128661","post","type-post","status-publish","format-standard","has-post-thumbnail","hentry","category-actualidad","category-siniestro-vial"],"_links":{"self":[{"href":"https:\/\/vinasfm.com\/noticias\/wp-json\/wp\/v2\/posts\/128661","targetHints":{"allow":["GET"]}}],"collection":[{"href":"https:\/\/vinasfm.com\/noticias\/wp-json\/wp\/v2\/posts"}],"about":[{"href":"https:\/\/vinasfm.com\/noticias\/wp-json\/wp\/v2\/types\/post"}],"author":[{"embeddable":true,"href":"https:\/\/vinasfm.com\/noticias\/wp-json\/wp\/v2\/users\/7"}],"replies":[{"embeddable":true,"href":"https:\/\/vinasfm.com\/noticias\/wp-json\/wp\/v2\/comments?post=128661"}],"version-history":[{"count":2,"href":"https:\/\/vinasfm.com\/noticias\/wp-json\/wp\/v2\/posts\/128661\/revisions"}],"predecessor-version":[{"id":128675,"href":"https:\/\/vinasfm.com\/noticias\/wp-json\/wp\/v2\/posts\/128661\/revisions\/128675"}],"wp:featuredmedia":[{"embeddable":true,"href":"https:\/\/vinasfm.com\/noticias\/wp-json\/wp\/v2\/media\/128662"}],"wp:attachment":[{"href":"https:\/\/vinasfm.com\/noticias\/wp-json\/wp\/v2\/media?parent=128661"}],"wp:term":[{"taxonomy":"category","embeddable":true,"href":"https:\/\/vinasfm.com\/noticias\/wp-json\/wp\/v2\/categories?post=128661"},{"taxonomy":"post_tag","embeddable":true,"href":"https:\/\/vinasfm.com\/noticias\/wp-json\/wp\/v2\/tags?post=128661"}],"curies":[{"name":"wp","href":"https:\/\/api.w.org\/{rel}","templated":true}]}}