{"id":128658,"date":"2023-10-24T09:03:46","date_gmt":"2023-10-24T12:03:46","guid":{"rendered":"https:\/\/vinasfm.com\/noticias\/?p=128658"},"modified":"2023-10-25T08:47:48","modified_gmt":"2023-10-25T11:47:48","slug":"pronostico-del-tiempo-en-mendoza-anunciaron-la-llegada-de-zonda-muy-severo-para-el-fin-de-semana","status":"publish","type":"post","link":"https:\/\/vinasfm.com\/noticias\/pronostico-del-tiempo-en-mendoza-anunciaron-la-llegada-de-zonda-muy-severo-para-el-fin-de-semana\/","title":{"rendered":"PRON\u00d3STICO DEL TIEMPO EN MENDOZA: ANUNCIARON LA LLEGADA DE ZONDA \u00abMUY SEVERO\u00bb PARA EL FIN DE SEMANA"},"content":{"rendered":"<p><span style=\"color: #000000;\"><strong>El viento Zonda podr\u00eda sentirse el s\u00e1bado y el domingo, seg\u00fan el pron\u00f3stico del tiempo en Mendoza. Especialistas se\u00f1alaron que ser\u00eda de categor\u00eda muy severa y recomendaron mucho cuidado.<\/strong><\/span><\/p>\n<p><span style=\"color: #000000;\">El\u00a0<strong>pron\u00f3stico del tiempo en Mendoza<\/strong>\u00a0indica que seguir\u00e1 la inestabilidad por unos d\u00edas m\u00e1s y se podr\u00edan registrar\u00a0<strong>lluvias y tormentas\u00a0<\/strong>especialmente en las tardes y noches. Lo que m\u00e1s preocupa a los meteor\u00f3logos es la alta probabilidad de\u00a0<strong>viento Zonda<\/strong>\u00a0que se espera para el fin de semana, el cual ser\u00eda de\u00a0<strong>categor\u00eda \u00abmuy severa\u00bb<\/strong>, por lo que recomendaron que quienes planeen actividades al aire libre las suspendan.<\/span><\/p>\n<p><span style=\"color: #000000;\"><strong>Federico Norte<\/strong>, doctor en meteorolog\u00eda, se\u00f1al\u00f3 que sigue el impacto de la\u00a0<strong>inestabilidad\u00a0<\/strong>de onda larga que comenz\u00f3 el fin de semana y que\u00a0<strong>se extender\u00e1 por lo menos hasta el jueves.<\/strong><\/span><\/p>\n<p><span style=\"color: #000000;\">Se\u00f1al\u00f3 que este\u00a0<strong>martes\u00a0<\/strong>la m\u00e1xima rondar\u00e1 los\u00a0<strong>23 o 24 grados\u00a0<\/strong>y se esperan<strong>\u00a0lluvias intermitentes durante toda la jornada<\/strong>\u00a0con nubosidad muy variable durante todo el d\u00eda.<\/span><\/p>\n<p><span style=\"color: #000000;\">El\u00a0<strong>mi\u00e9rcoles\u00a0<\/strong>contin\u00faa la inestabilidad y pueden aparecer\u00a0<strong>tormentas en la tarde o noche<\/strong>. Las temperaturas ir\u00e1n desde los\u00a0<strong>13 o 14 grados de m\u00ednima y 22 o 23 grados de m\u00e1xima.<\/strong><\/span><\/p>\n<p><span style=\"color: #000000;\">Para el\u00a0<strong>jueves\u00a0<\/strong>las condiciones ser\u00e1n similares, tambi\u00e9n con\u00a0<strong>posibles lluvias en la tarde o noche<\/strong>, y se espera una\u00a0<strong>m\u00ednima de 12 grados y una m\u00e1xima de 26 y 27 grados<\/strong>\u00a0en la tarde.<\/span><\/p>\n<h2><span style=\"color: #000000;\">El pron\u00f3stico del tiempo en Mendoza anuncia un fuerte viento Zonda<\/span><\/h2>\n<p><span style=\"color: #000000;\">El especialista en viento Zonda expres\u00f3 estar\u00a0<strong>muy preocupado<\/strong>\u00a0por lo que anuncian los diferentes modelos meteorol\u00f3gicos, los cuales coinciden en que el fin de semana el fen\u00f3meno\u00a0<strong>ser\u00e1 muy fuerte y podr\u00eda traer serios problemas en toda la provincia.<\/strong><\/span><\/p>\n<p><span style=\"color: #000000;\">La probabilidad indica que\u00a0<strong>comenzar\u00eda a soplar en la tarde del s\u00e1bado y durante el domingo<\/strong>\u00a0de categor\u00eda muy severa en algunos sectores.<\/span><\/p>\n<p><span style=\"color: #000000;\">\u00abSugiero a la gente que est\u00e1 preparando actividades al aire libre que tengan en cuenta esto y\u00a0<strong>si pueden les recomiendo cambiar la fecha de la actividad<\/strong>, porque si se cumple ese pron\u00f3stico el Zonda va a llamar la atenci\u00f3n\u00bb, sostuvo Federico Norte.<\/span><\/p>\n<p><span style=\"color: #000000;\">Destac\u00f3 que lo que m\u00e1s preocupa es \u00ab<strong>la intensidad del viento que se anuncia.\u00a0<\/strong>Esperemos que el modelo cambie el pron\u00f3stico, porque si se da como lo anuncian ahora es de mucha preocupaci\u00f3n\u00bb.<\/span><\/p>\n","protected":false},"excerpt":{"rendered":"<p>El viento Zonda podr\u00eda sentirse el s\u00e1bado y el domingo, seg\u00fan el pron\u00f3stico del tiempo en Mendoza. Especialistas se\u00f1alaron que ser\u00eda &#8230;<\/p>\n","protected":false},"author":7,"featured_media":128659,"comment_status":"open","ping_status":"open","sticky":false,"template":"","format":"standard","meta":{"footnotes":""},"categories":[5,36],"tags":[],"class_list":["post-128658","post","type-post","status-publish","format-standard","has-post-thumbnail","hentry","category-actualidad","category-pronostico"],"_links":{"self":[{"href":"https:\/\/vinasfm.com\/noticias\/wp-json\/wp\/v2\/posts\/128658","targetHints":{"allow":["GET"]}}],"collection":[{"href":"https:\/\/vinasfm.com\/noticias\/wp-json\/wp\/v2\/posts"}],"about":[{"href":"https:\/\/vinasfm.com\/noticias\/wp-json\/wp\/v2\/types\/post"}],"author":[{"embeddable":true,"href":"https:\/\/vinasfm.com\/noticias\/wp-json\/wp\/v2\/users\/7"}],"replies":[{"embeddable":true,"href":"https:\/\/vinasfm.com\/noticias\/wp-json\/wp\/v2\/comments?post=128658"}],"version-history":[{"count":1,"href":"https:\/\/vinasfm.com\/noticias\/wp-json\/wp\/v2\/posts\/128658\/revisions"}],"predecessor-version":[{"id":128660,"href":"https:\/\/vinasfm.com\/noticias\/wp-json\/wp\/v2\/posts\/128658\/revisions\/128660"}],"wp:featuredmedia":[{"embeddable":true,"href":"https:\/\/vinasfm.com\/noticias\/wp-json\/wp\/v2\/media\/128659"}],"wp:attachment":[{"href":"https:\/\/vinasfm.com\/noticias\/wp-json\/wp\/v2\/media?parent=128658"}],"wp:term":[{"taxonomy":"category","embeddable":true,"href":"https:\/\/vinasfm.com\/noticias\/wp-json\/wp\/v2\/categories?post=128658"},{"taxonomy":"post_tag","embeddable":true,"href":"https:\/\/vinasfm.com\/noticias\/wp-json\/wp\/v2\/tags?post=128658"}],"curies":[{"name":"wp","href":"https:\/\/api.w.org\/{rel}","templated":true}]}}