{"id":128654,"date":"2023-10-24T08:56:15","date_gmt":"2023-10-24T11:56:15","guid":{"rendered":"https:\/\/vinasfm.com\/noticias\/?p=128654"},"modified":"2023-10-25T08:48:40","modified_gmt":"2023-10-25T11:48:40","slug":"el-gobierno-nego-que-el-feriado-del-20-de-noviembre-se-pase-al-27-por-el-balotaje-entre-massa-y-milei","status":"publish","type":"post","link":"https:\/\/vinasfm.com\/noticias\/el-gobierno-nego-que-el-feriado-del-20-de-noviembre-se-pase-al-27-por-el-balotaje-entre-massa-y-milei\/","title":{"rendered":"EL GOBIERNO NEG\u00d3 QUE EL FERIADO DEL 20 DE NOVIEMBRE SE PASE AL 27 POR EL BALOTAJE ENTRE MASSA Y MILEI"},"content":{"rendered":"<p><strong>Fuentes del Ministerio de Interior indicaron este lunes a la ma\u00f1ana que el Gobierno analizaba mover el feriado del lunes 20 de noviembre al 27. Sin embargo, la vocera presidencial desminti\u00f3 la informaci\u00f3n.<\/strong><\/p>\n<p>Se trata del D\u00eda de la Soberan\u00eda Nacional, que por calendario hace feriado al lunes 20 de noviembre. El motivo del supuesto cambio es\u00a0<b>desincentivar el turismo durante el fin de semana del domingo 19<\/b>, cuando tendr\u00e1 lugar la\u00a0<b>segunda vuelta presidencial<\/b>, o balotaje, entre\u00a0<b>Sergio Massa y Javier Milei.<\/b><\/p>\n<p>Sin embargo, este lunes por la tarde\u00a0<b>la vocera presidencial neg\u00f3 las versiones<\/b>. \u00abAnte las versiones que circulan sobre una posible modificaci\u00f3n del feriado previsto para el pr\u00f3ximo 20 de noviembre ante la coincidencia con la segunda vuelta electoral,\u00a0<b>el gobierno desmiente que eso est\u00e9 siendo evaluado<\/b>\u00ab, poste\u00f3 en X.<\/p>\n<p><img decoding=\"async\" src=\"https:\/\/scontent.fmdz4-1.fna.fbcdn.net\/v\/t39.30808-6\/394587986_821151366682518_3050459559611079873_n.jpg?_nc_cat=106&amp;ccb=1-7&amp;_nc_sid=5f2048&amp;_nc_ohc=3dsS40D2XzUAX9li63r&amp;_nc_ht=scontent.fmdz4-1.fna&amp;cb_e2o_trans=t&amp;oh=00_AfBESYXk7G_QO66AhPrnxhQUXP0_-yZFyNVA7QzECs9Gdw&amp;oe=653D93E1\" alt=\"Puede ser una imagen de 1 persona, loris perezoso y texto que dice &quot;Gabriela Cerruti Ante las versiones que circulan sobre una posible modificaci\u00f3n del feriado previsto para el pr\u00f3ximo 20 de noviembre ante la coincidencia con la segunda vuelta electoral, el gobierno desmiente que eso est\u00e9 siendo evaluado.&quot;\" \/><\/p>\n<p>Seg\u00fan el calendario que publica todos los a\u00f1os el Ministerio del Interior, el fin de semana del s\u00e1bado 18 y domingo 19 de noviembre es un\u00a0<b>fin de semana XL\u00a0<\/b>porque\u00a0<b>el lunes 20 se conmemora el D\u00eda de la Soberan\u00eda Nacional en recuerdo de la Batalla de la Vuelta de Obligado.\u00a0<\/b><\/p>\n<p>Una situaci\u00f3n similar se dio en\u00a0<b>2015<\/b>, cuando el\u00a0<b>balotaje entre Daniel Scioli y Mauricio Macri<\/b>,<b>\u00a0<\/b>celebrado el domingo 22 de noviembre, provoc\u00f3 la postergaci\u00f3n del feriado, que pas\u00f3\u00a0al fin de semana siguiente.<\/p>\n","protected":false},"excerpt":{"rendered":"<p>Fuentes del Ministerio de Interior indicaron este lunes a la ma\u00f1ana que el Gobierno analizaba mover el feriado del lunes 20 &#8230;<\/p>\n","protected":false},"author":7,"featured_media":128655,"comment_status":"open","ping_status":"open","sticky":false,"template":"","format":"standard","meta":{"footnotes":""},"categories":[5,10],"tags":[],"class_list":["post-128654","post","type-post","status-publish","format-standard","has-post-thumbnail","hentry","category-actualidad","category-destacadas"],"_links":{"self":[{"href":"https:\/\/vinasfm.com\/noticias\/wp-json\/wp\/v2\/posts\/128654","targetHints":{"allow":["GET"]}}],"collection":[{"href":"https:\/\/vinasfm.com\/noticias\/wp-json\/wp\/v2\/posts"}],"about":[{"href":"https:\/\/vinasfm.com\/noticias\/wp-json\/wp\/v2\/types\/post"}],"author":[{"embeddable":true,"href":"https:\/\/vinasfm.com\/noticias\/wp-json\/wp\/v2\/users\/7"}],"replies":[{"embeddable":true,"href":"https:\/\/vinasfm.com\/noticias\/wp-json\/wp\/v2\/comments?post=128654"}],"version-history":[{"count":1,"href":"https:\/\/vinasfm.com\/noticias\/wp-json\/wp\/v2\/posts\/128654\/revisions"}],"predecessor-version":[{"id":128656,"href":"https:\/\/vinasfm.com\/noticias\/wp-json\/wp\/v2\/posts\/128654\/revisions\/128656"}],"wp:featuredmedia":[{"embeddable":true,"href":"https:\/\/vinasfm.com\/noticias\/wp-json\/wp\/v2\/media\/128655"}],"wp:attachment":[{"href":"https:\/\/vinasfm.com\/noticias\/wp-json\/wp\/v2\/media?parent=128654"}],"wp:term":[{"taxonomy":"category","embeddable":true,"href":"https:\/\/vinasfm.com\/noticias\/wp-json\/wp\/v2\/categories?post=128654"},{"taxonomy":"post_tag","embeddable":true,"href":"https:\/\/vinasfm.com\/noticias\/wp-json\/wp\/v2\/tags?post=128654"}],"curies":[{"name":"wp","href":"https:\/\/api.w.org\/{rel}","templated":true}]}}