{"id":128650,"date":"2023-10-24T08:42:39","date_gmt":"2023-10-24T11:42:39","guid":{"rendered":"https:\/\/vinasfm.com\/noticias\/?p=128650"},"modified":"2023-10-25T08:49:14","modified_gmt":"2023-10-25T11:49:14","slug":"ramiro-labay-es-el-nuevo-presidente-de-la-camara-de-comercio-de-general-alvear","status":"publish","type":"post","link":"https:\/\/vinasfm.com\/noticias\/ramiro-labay-es-el-nuevo-presidente-de-la-camara-de-comercio-de-general-alvear\/","title":{"rendered":"RAMIRO LABAY ES EL NUEVO PRESIDENTE DE LA C\u00c1MARA DE COMERCIO DE GENERAL ALVEAR"},"content":{"rendered":"<p><span style=\"color: #000000;\"><strong>Asumi\u00f3 la conducci\u00f3n de la Instituci\u00f3n este lunes, en el marco de los 90 a\u00f1os de la misma.<\/strong><\/span><\/p>\n<p><span style=\"color: #000000;\">Hasta hace pocos d\u00edas, Labay estuvo al frente de la Espec\u00edfica de Ganader\u00eda; sobre su nuevo rol en el ente expres\u00f3: <strong><em>\u201cHemos armado un equipo con mucha gesti\u00f3n, buscaremos poder ser la voz y o\u00eddos de nuestros asociados para ponderar el bienestar del departamento y la regi\u00f3n\u201d.<\/em><\/strong><\/span><\/p>\n<p><span style=\"color: #000000;\">Durante la asamblea realizada, este lunes por la tarde, anunci\u00f3 la creaci\u00f3n de un \u00e1rea enfocada en el desarrollo regional. <strong><em>\u201cVamos a poner en agenda todas las necesidades que tengamos en el departamento y esperamos trabajar en conjunto con el Municipio para hacer una intervenci\u00f3n p\u00fablica-privada que trae tantos beneficios a General Alvear\u201d<\/em><\/strong>, se\u00f1al\u00f3 el nuevo presidente.<\/span><\/p>\n<p><img loading=\"lazy\" decoding=\"async\" class=\"\" src=\"https:\/\/scontent.fmdz4-1.fna.fbcdn.net\/v\/t39.30808-6\/395719066_749757337194589_4320382979008022399_n.jpg?_nc_cat=105&amp;ccb=1-7&amp;_nc_sid=5f2048&amp;_nc_eui2=AeElCK_3qw_SJmc_VXZjkzQl9zwXG1L2lF73PBcbUvaUXqmWvurScGXH5h8HbwqBRaJ7pTga0LiTEWu1S-3cwc_A&amp;_nc_ohc=2CZWzG593v0AX8dN9O4&amp;_nc_ht=scontent.fmdz4-1.fna&amp;oh=00_AfAvXB-Ofp5OQ4EfFOKDdKPCGfq6rfsRGlZoGqVEJ8v-Jw&amp;oe=653BB9DE\" alt=\"Puede ser una imagen de 3 personas y texto que dice &quot;AMARA ALVEAR OZA COMERCIO GANADE AGRICUL e\u0438eb&quot;\" width=\"508\" height=\"338\" \/><\/p>\n<h6>Ramiro Labay, actual presidente de la C\u00e1mara de Comercio y Jorge Noguerol, ex presidente<\/h6>\n<p><span style=\"color: #000000;\">Este 2023, la C\u00e1mara de Comercio de General Alvear cumple sus 90 a\u00f1os en el marco de un a\u00f1o repleto de actividad pol\u00edtica e incertidumbre econ\u00f3mica. Como cada a\u00f1o, la Instituci\u00f3n realiza una entrega de premios reconociendo a las empresas que se han destacado este a\u00f1o: <strong><em>\u201cEn la actualidad, que una empresa subsista es un gran logro. Vamos a poner en valor a todas las empresas que han logrado crecer a lo largo de estos a\u00f1os\u201d.<\/em><\/strong><\/span><\/p>\n<p><img loading=\"lazy\" decoding=\"async\" class=\"\" src=\"https:\/\/scontent.fmdz4-1.fna.fbcdn.net\/v\/t39.30808-6\/395743703_749757370527919_7149231570019021005_n.jpg?_nc_cat=101&amp;ccb=1-7&amp;_nc_sid=5f2048&amp;_nc_eui2=AeF9cUK5b-zwCkcEg4jbPLUPDNBmo_l29pQM0Gaj-Xb2lFlnianLg-M_jHqcVgWENK4hFqDn20fQG_ZMe2Ibavkr&amp;_nc_ohc=oijXLPUXIz8AX-KKszu&amp;_nc_ht=scontent.fmdz4-1.fna&amp;oh=00_AfB5jHVta4SuCwFe9kGZToZN6y43FtnG3nrhQ2ys6GxW7w&amp;oe=653D65B5\" alt=\"Puede ser una imagen de 9 personas, personas estudiando y tabla\" width=\"349\" height=\"233\" \/> <img loading=\"lazy\" decoding=\"async\" class=\"\" src=\"https:\/\/scontent.fmdz4-1.fna.fbcdn.net\/v\/t39.30808-6\/395719561_749757407194582_6626434246261445238_n.jpg?_nc_cat=106&amp;ccb=1-7&amp;_nc_sid=5f2048&amp;_nc_eui2=AeEGz5JGIASHuv3idzQURiePBHsIuImZfw0Eewi4iZl_DX_yJ8Mab_3BHWBL_o9DOLwcJN9raMojfyr4lsTHhnxa&amp;_nc_ohc=scW9zp7DiXEAX-QnKM8&amp;_nc_ht=scontent.fmdz4-1.fna&amp;oh=00_AfBAQtsRl1ovqDa7tHxNgliLbUqOun61UDBypXZKMIyibg&amp;oe=653D2F9A\" alt=\"Puede ser una imagen de 7 personas y personas estudiando\" width=\"348\" height=\"232\" \/><\/p>\n","protected":false},"excerpt":{"rendered":"<p>Asumi\u00f3 la conducci\u00f3n de la Instituci\u00f3n este lunes, en el marco de los 90 a\u00f1os de la misma. Hasta hace pocos &#8230;<\/p>\n","protected":false},"author":7,"featured_media":128651,"comment_status":"open","ping_status":"open","sticky":false,"template":"","format":"standard","meta":{"footnotes":""},"categories":[5,32],"tags":[],"class_list":["post-128650","post","type-post","status-publish","format-standard","has-post-thumbnail","hentry","category-actualidad","category-camara-de-comercio"],"_links":{"self":[{"href":"https:\/\/vinasfm.com\/noticias\/wp-json\/wp\/v2\/posts\/128650","targetHints":{"allow":["GET"]}}],"collection":[{"href":"https:\/\/vinasfm.com\/noticias\/wp-json\/wp\/v2\/posts"}],"about":[{"href":"https:\/\/vinasfm.com\/noticias\/wp-json\/wp\/v2\/types\/post"}],"author":[{"embeddable":true,"href":"https:\/\/vinasfm.com\/noticias\/wp-json\/wp\/v2\/users\/7"}],"replies":[{"embeddable":true,"href":"https:\/\/vinasfm.com\/noticias\/wp-json\/wp\/v2\/comments?post=128650"}],"version-history":[{"count":2,"href":"https:\/\/vinasfm.com\/noticias\/wp-json\/wp\/v2\/posts\/128650\/revisions"}],"predecessor-version":[{"id":128653,"href":"https:\/\/vinasfm.com\/noticias\/wp-json\/wp\/v2\/posts\/128650\/revisions\/128653"}],"wp:featuredmedia":[{"embeddable":true,"href":"https:\/\/vinasfm.com\/noticias\/wp-json\/wp\/v2\/media\/128651"}],"wp:attachment":[{"href":"https:\/\/vinasfm.com\/noticias\/wp-json\/wp\/v2\/media?parent=128650"}],"wp:term":[{"taxonomy":"category","embeddable":true,"href":"https:\/\/vinasfm.com\/noticias\/wp-json\/wp\/v2\/categories?post=128650"},{"taxonomy":"post_tag","embeddable":true,"href":"https:\/\/vinasfm.com\/noticias\/wp-json\/wp\/v2\/tags?post=128650"}],"curies":[{"name":"wp","href":"https:\/\/api.w.org\/{rel}","templated":true}]}}