{"id":128647,"date":"2023-10-24T08:09:07","date_gmt":"2023-10-24T11:09:07","guid":{"rendered":"https:\/\/vinasfm.com\/noticias\/?p=128647"},"modified":"2023-10-25T08:50:28","modified_gmt":"2023-10-25T11:50:28","slug":"paritarias-2023-el-gobierno-inicio-una-nueva-ronda-de-reuniones-con-los-representantes-de-ate","status":"publish","type":"post","link":"https:\/\/vinasfm.com\/noticias\/paritarias-2023-el-gobierno-inicio-una-nueva-ronda-de-reuniones-con-los-representantes-de-ate\/","title":{"rendered":"PARITARIAS 2023: EL GOBIERNO INICI\u00d3 UNA NUEVA RONDA DE REUNIONES CON LOS REPRESENTANTES DE ATE"},"content":{"rendered":"<p><span style=\"color: #000000;\"><strong>En una nueva jornada de negociaciones paritarias, el Gobierno provincial se reuni\u00f3 con los representantes gremiales de la Asociaci\u00f3n de Trabajadores del Estado (ATE) para analizar una nueva propuesta salarial para los reg\u00edmenes de 15 de Salud; 5, de Administraci\u00f3n Central; Guardaparques y Secretar\u00eda de Ambiente y Ordenamiento Territorial.<\/strong><\/span><\/p>\n<p><span style=\"color: #000000;\">El Gobierno inici\u00f3 las negociaciones paritarias en las fechas originalmente pactadas con los gremios. Despu\u00e9s de las reuniones mantenidas en la \u00faltima semana con los representantes gremiales del SUTE, funcionarios y empleados judiciales y de la Direcci\u00f3n Provincial de Vialidad, hoy se present\u00f3 una propuesta salarial a la Asociaci\u00f3n de Trabajadores del Estado (ATE) para los reg\u00edmenes de 15 de Salud; 5, de Administraci\u00f3n Central; Guardaparques y Secretar\u00eda de Ambiente y Ordenamiento Territorial.<\/span><\/p>\n<p><span style=\"color: #000000;\">La oferta presentada considera los efectos negativos sobre las finanzas provinciales que tendr\u00e1n las recientes modificaciones en la pol\u00edtica tributaria nacional dado que es obligaci\u00f3n del Estado tomar en cuenta su repercusi\u00f3n a fin de asegurar el pago de los salarios. El incremento de 10% al b\u00e1sico ofrecido para noviembre y diciembre se plantea, asimismo, en v\u00edsperas de un escenario electoral nacional cuyo resultado no ser\u00e1 neutral para el escenario macroecon\u00f3mico.<\/span><\/p>\n<p><span style=\"color: #000000;\">La subsecretaria de Gesti\u00f3n P\u00fablica y Modernizaci\u00f3n del Estado, Beatriz Mart\u00ednez, indic\u00f3 que <em><strong>\u201cel Gobierno de Mendoza, en cumplimiento con lo acordado en paritarias anteriores, convoc\u00f3 a los representantes de ATE a esta nueva instancia, en la que se ofreci\u00f3 un incremento de 10% para noviembre y 10% para diciembre\u201d.<\/strong><\/em><\/span><\/p>\n<p><span style=\"color: #000000;\"><em><strong>\u201cLuego de escuchar los distintos an\u00e1lisis realizados desde el gremio, el Gobierno ha receptado estas propuestas para trabajarlas en los pr\u00f3ximos d\u00edas y volver a tener un nuevo encuentro paritario el 1 de noviembre\u201d<\/strong><\/em>, agreg\u00f3 la subsecretaria.<\/span><\/p>\n","protected":false},"excerpt":{"rendered":"<p>En una nueva jornada de negociaciones paritarias, el Gobierno provincial se reuni\u00f3 con los representantes gremiales de la Asociaci\u00f3n de Trabajadores &#8230;<\/p>\n","protected":false},"author":7,"featured_media":128648,"comment_status":"open","ping_status":"open","sticky":false,"template":"","format":"standard","meta":{"footnotes":""},"categories":[5,172],"tags":[],"class_list":["post-128647","post","type-post","status-publish","format-standard","has-post-thumbnail","hentry","category-actualidad","category-paritarias"],"_links":{"self":[{"href":"https:\/\/vinasfm.com\/noticias\/wp-json\/wp\/v2\/posts\/128647","targetHints":{"allow":["GET"]}}],"collection":[{"href":"https:\/\/vinasfm.com\/noticias\/wp-json\/wp\/v2\/posts"}],"about":[{"href":"https:\/\/vinasfm.com\/noticias\/wp-json\/wp\/v2\/types\/post"}],"author":[{"embeddable":true,"href":"https:\/\/vinasfm.com\/noticias\/wp-json\/wp\/v2\/users\/7"}],"replies":[{"embeddable":true,"href":"https:\/\/vinasfm.com\/noticias\/wp-json\/wp\/v2\/comments?post=128647"}],"version-history":[{"count":1,"href":"https:\/\/vinasfm.com\/noticias\/wp-json\/wp\/v2\/posts\/128647\/revisions"}],"predecessor-version":[{"id":128649,"href":"https:\/\/vinasfm.com\/noticias\/wp-json\/wp\/v2\/posts\/128647\/revisions\/128649"}],"wp:featuredmedia":[{"embeddable":true,"href":"https:\/\/vinasfm.com\/noticias\/wp-json\/wp\/v2\/media\/128648"}],"wp:attachment":[{"href":"https:\/\/vinasfm.com\/noticias\/wp-json\/wp\/v2\/media?parent=128647"}],"wp:term":[{"taxonomy":"category","embeddable":true,"href":"https:\/\/vinasfm.com\/noticias\/wp-json\/wp\/v2\/categories?post=128647"},{"taxonomy":"post_tag","embeddable":true,"href":"https:\/\/vinasfm.com\/noticias\/wp-json\/wp\/v2\/tags?post=128647"}],"curies":[{"name":"wp","href":"https:\/\/api.w.org\/{rel}","templated":true}]}}