{"id":128637,"date":"2023-10-23T10:28:49","date_gmt":"2023-10-23T13:28:49","guid":{"rendered":"https:\/\/vinasfm.com\/noticias\/?p=128637"},"modified":"2023-10-24T10:21:21","modified_gmt":"2023-10-24T13:21:21","slug":"escuelas-del-sur-mendocino-fueron-incluidas-en-un-importante-plan-de-reparacion-que-comenzara-en-diciembre","status":"publish","type":"post","link":"https:\/\/vinasfm.com\/noticias\/escuelas-del-sur-mendocino-fueron-incluidas-en-un-importante-plan-de-reparacion-que-comenzara-en-diciembre\/","title":{"rendered":"ESCUELAS DEL SUR MENDOCINO FUERON INCLUIDAS EN UN IMPORTANTE PLAN DE REPARACI\u00d3N QUE COMENZAR\u00c1 EN DICIEMBRE"},"content":{"rendered":"<p><span style=\"color: #000000;\"><strong>El Gobierno provincial lanz\u00f3 un programa de reparaci\u00f3n que incluye a 200 escuelas. El mismo se va a instrumentar a partir del 16 de diciembre, cuando termine el ciclo lectivo, y luego a lo largo del verano. Del total de ellas, 37 est\u00e1n en el sur mendocino y sobre ello habl\u00f3 Rafael, Ra\u00fal Navarro, delegado de Infraestructura Escolar en esta parte de la provincia.<\/strong><\/span><\/p>\n<p><span style=\"color: #000000;\">37 escuelas \u2013de las 200 que hay en total\u2013integran el listado que se va a presentar para el plan de reparaci\u00f3n propuesto por el Gobierno. Se est\u00e1 terminando el listado para lanzar los llamados a licitaci\u00f3n ya est\u00e1n confeccionados. Las intervenciones ser\u00e1n para reparar techos, playones, labores de pintura, arreglos en ba\u00f1os y detalles en general.<\/span><\/p>\n<p><span style=\"color: #000000;\"><strong><em>\u201cNosotros hemos hecho a trav\u00e9s de un relevamiento que se fue realizando durante a\u00f1os, seg\u00fan la necesidad de los establecimientos de toda la zona sur (San Rafael, General Alvear y Malarg\u00fce), un listado con algunas problem\u00e1ticas muy puntuales, que quer\u00edamos resolver en el transcurso del per\u00edodo de receso\u201d<\/em><\/strong>, dijo Navarro y a\u00f1adi\u00f3 que se trata de intervenciones que no se pueden desarrollar mientras los edificios funcionan normalmente.<\/span><\/p>\n<p><span style=\"color: #000000;\"><em><strong>\u201cSe trata de alrededor de 1600 millones de pesos, que es lo que corresponde a toda la zona sur, lo que implica mantenimiento de escuelas y mantenimiento todo el sistema de gas\u201d<\/strong><\/em>, se\u00f1al\u00f3 y aclar\u00f3 que esa suma de dinero, es el dinero previsto para el a\u00f1o, y dentro del mismo est\u00e1n incluidas las tareas en esas 37 escuelas con sus obras particulares. Por otra parte, hay otras labores que ya estaban previstas en otras escuelas y por supuesto, tambi\u00e9n se har\u00e1n.<\/span><\/p>\n<p><span style=\"color: #000000;\"><em><strong>\u201cTambi\u00e9n tenemos una reconversi\u00f3n de sistemas de gas licuado a gas natural. Hace 15 d\u00edas logramos abastecer de gas licuado a lo que era la planta piloto de la escuela Iaccarini, lo que va a permitir mejorar el uso de la planta piloto y empezar a elaborar en su f\u00e1brica nuevamente. Antes utilizaban una caldera con diesel y ahora les hemos instalado gas, lo que va a permitir calefaccionar un sector de aulas que hemos realizado y aprovechar el sector de industria\u201d<\/strong><\/em>, record\u00f3 Navarro y adelant\u00f3 que dentro de ese plan de 37 escuelas, est\u00e1 la reparaci\u00f3n de los sanitarios. Como la mencionada, habr\u00e1 reconversi\u00f3n a gas natural para la escuela Corbal\u00e1n Sotomayor, la escuela Carmen de Corbal\u00e1n y la escuela Palma. <em><strong>\u201cEsos beneficios son para que las escuelas no tengan que estar pendientes de la prestaci\u00f3n del servicio, y que puedan dictar normalmente las clases\u201d<\/strong><\/em>, destac\u00f3.<\/span><\/p>\n","protected":false},"excerpt":{"rendered":"<p>El Gobierno provincial lanz\u00f3 un programa de reparaci\u00f3n que incluye a 200 escuelas. El mismo se va a instrumentar a partir &#8230;<\/p>\n","protected":false},"author":7,"featured_media":128638,"comment_status":"open","ping_status":"open","sticky":false,"template":"","format":"standard","meta":{"footnotes":""},"categories":[5,10],"tags":[],"class_list":["post-128637","post","type-post","status-publish","format-standard","has-post-thumbnail","hentry","category-actualidad","category-destacadas"],"_links":{"self":[{"href":"https:\/\/vinasfm.com\/noticias\/wp-json\/wp\/v2\/posts\/128637","targetHints":{"allow":["GET"]}}],"collection":[{"href":"https:\/\/vinasfm.com\/noticias\/wp-json\/wp\/v2\/posts"}],"about":[{"href":"https:\/\/vinasfm.com\/noticias\/wp-json\/wp\/v2\/types\/post"}],"author":[{"embeddable":true,"href":"https:\/\/vinasfm.com\/noticias\/wp-json\/wp\/v2\/users\/7"}],"replies":[{"embeddable":true,"href":"https:\/\/vinasfm.com\/noticias\/wp-json\/wp\/v2\/comments?post=128637"}],"version-history":[{"count":2,"href":"https:\/\/vinasfm.com\/noticias\/wp-json\/wp\/v2\/posts\/128637\/revisions"}],"predecessor-version":[{"id":128640,"href":"https:\/\/vinasfm.com\/noticias\/wp-json\/wp\/v2\/posts\/128637\/revisions\/128640"}],"wp:featuredmedia":[{"embeddable":true,"href":"https:\/\/vinasfm.com\/noticias\/wp-json\/wp\/v2\/media\/128638"}],"wp:attachment":[{"href":"https:\/\/vinasfm.com\/noticias\/wp-json\/wp\/v2\/media?parent=128637"}],"wp:term":[{"taxonomy":"category","embeddable":true,"href":"https:\/\/vinasfm.com\/noticias\/wp-json\/wp\/v2\/categories?post=128637"},{"taxonomy":"post_tag","embeddable":true,"href":"https:\/\/vinasfm.com\/noticias\/wp-json\/wp\/v2\/tags?post=128637"}],"curies":[{"name":"wp","href":"https:\/\/api.w.org\/{rel}","templated":true}]}}