{"id":128628,"date":"2023-10-23T09:44:07","date_gmt":"2023-10-23T12:44:07","guid":{"rendered":"https:\/\/vinasfm.com\/noticias\/?p=128628"},"modified":"2023-10-24T10:22:04","modified_gmt":"2023-10-24T13:22:04","slug":"la-direccion-de-gestion-ambiental-presento-el-1-festival-ambiental","status":"publish","type":"post","link":"https:\/\/vinasfm.com\/noticias\/la-direccion-de-gestion-ambiental-presento-el-1-festival-ambiental\/","title":{"rendered":"LA DIRECCI\u00d3N DE GESTI\u00d3N AMBIENTAL PRESENT\u00d3 EL 1\u00b0 FESTIVAL AMBIENTAL"},"content":{"rendered":"<p><span style=\"color: #000000;\"><strong>Denis Rabanal brind\u00f3 detalles del evento que se realizar\u00e1 el pr\u00f3ximo 3 de noviembre.<\/strong><\/span><\/p>\n<p><span style=\"color: #000000;\">Con el objetivo de exponer los proyectos y trabajos realizados durante el a\u00f1o junto a distintas escuelas del departamento, el 1\u00b0 Festival Ambiental tendr\u00e1 lugar en la Plaza Departamental. <strong><em>\u201cNuestro objetivo es exponer toda la concientizaci\u00f3n que se ha logrado en departamento. Buscamos mostrar c\u00f3mo General Alvear ha trabajado en esta tem\u00e1tica a lo largo del a\u00f1o\u201d<\/em><\/strong>, se\u00f1al\u00f3 el Director de Gesti\u00f3n Ambiental.<\/span><\/p>\n<p><span style=\"color: #000000;\">Adem\u00e1s de instituciones educativas y el Municipio, participar\u00e1n distintas instituciones privadas. <em><strong>\u201cBuscamos mostrar c\u00f3mo el sector educativo trabaja activamente en la concientizaci\u00f3n ambiental y c\u00f3mo se ha adaptado el sector privado\u201d.<\/strong><\/em><\/span><\/p>\n<h2><span style=\"color: #000000;\">ALVEAR M\u00c1S LIMPIO<\/span><\/h2>\n<p><span style=\"color: #000000;\">En la misma jornada tendr\u00e1 lugar la entrega de premios de la 10\u00b0 edici\u00f3n del concurso Alvear M\u00e1s Limpio. <em><strong>\u201cEl objetivo es la recolecci\u00f3n de residuos inorg\u00e1nico, participan alumnos de 7\u00b0 grado y la escuela que logre la mayor recolecci\u00f3n gana su viaje de egresados\u201d<\/strong><\/em>, se\u00f1al\u00f3 Rabanal. Adem\u00e1s, celebr\u00f3 que \u201ceste a\u00f1o hubo un record en la recaudaci\u00f3n ya que se lograron recolectar 19 toneladas.<\/span><\/p>\n<p><span style=\"color: #000000;\">Por coincidencia, las tres escuelas ganadoras son de Bowen; <em><strong>\u201cEso habla del gran trabajo de separaci\u00f3n de residuos y la conciencia que tienen los vecinos de Bowen\u201d<\/strong><\/em>, afirm\u00f3 el Director de Gesti\u00f3n Ambiental.<\/span><\/p>\n<h3><span style=\"color: #000000;\">Ganadores:<\/span><\/h3>\n<ol>\n<li><span style=\"color: #000000;\">Esc. 1-400 \u00abBandera de Los Andes\u00bb<\/span><\/li>\n<li><span style=\"color: #000000;\">San Cayetano<\/span><\/li>\n<li><span style=\"color: #000000;\">Esc. N\u00ba 1-286 \u201cDardo Rocha\u201d<\/span><\/li>\n<\/ol>\n","protected":false},"excerpt":{"rendered":"<p>Denis Rabanal brind\u00f3 detalles del evento que se realizar\u00e1 el pr\u00f3ximo 3 de noviembre. Con el objetivo de exponer los proyectos &#8230;<\/p>\n","protected":false},"author":7,"featured_media":128630,"comment_status":"open","ping_status":"open","sticky":false,"template":"","format":"standard","meta":{"footnotes":""},"categories":[5,192],"tags":[],"class_list":["post-128628","post","type-post","status-publish","format-standard","has-post-thumbnail","hentry","category-actualidad","category-gestion-ambiental"],"_links":{"self":[{"href":"https:\/\/vinasfm.com\/noticias\/wp-json\/wp\/v2\/posts\/128628","targetHints":{"allow":["GET"]}}],"collection":[{"href":"https:\/\/vinasfm.com\/noticias\/wp-json\/wp\/v2\/posts"}],"about":[{"href":"https:\/\/vinasfm.com\/noticias\/wp-json\/wp\/v2\/types\/post"}],"author":[{"embeddable":true,"href":"https:\/\/vinasfm.com\/noticias\/wp-json\/wp\/v2\/users\/7"}],"replies":[{"embeddable":true,"href":"https:\/\/vinasfm.com\/noticias\/wp-json\/wp\/v2\/comments?post=128628"}],"version-history":[{"count":2,"href":"https:\/\/vinasfm.com\/noticias\/wp-json\/wp\/v2\/posts\/128628\/revisions"}],"predecessor-version":[{"id":128679,"href":"https:\/\/vinasfm.com\/noticias\/wp-json\/wp\/v2\/posts\/128628\/revisions\/128679"}],"wp:featuredmedia":[{"embeddable":true,"href":"https:\/\/vinasfm.com\/noticias\/wp-json\/wp\/v2\/media\/128630"}],"wp:attachment":[{"href":"https:\/\/vinasfm.com\/noticias\/wp-json\/wp\/v2\/media?parent=128628"}],"wp:term":[{"taxonomy":"category","embeddable":true,"href":"https:\/\/vinasfm.com\/noticias\/wp-json\/wp\/v2\/categories?post=128628"},{"taxonomy":"post_tag","embeddable":true,"href":"https:\/\/vinasfm.com\/noticias\/wp-json\/wp\/v2\/tags?post=128628"}],"curies":[{"name":"wp","href":"https:\/\/api.w.org\/{rel}","templated":true}]}}