{"id":128623,"date":"2023-10-23T09:22:29","date_gmt":"2023-10-23T12:22:29","guid":{"rendered":"https:\/\/vinasfm.com\/noticias\/?p=128623"},"modified":"2023-10-24T09:04:32","modified_gmt":"2023-10-24T12:04:32","slug":"alvear-fue-sede-de-un-simulacro-de-juicio-por-jurados","status":"publish","type":"post","link":"https:\/\/vinasfm.com\/noticias\/alvear-fue-sede-de-un-simulacro-de-juicio-por-jurados\/","title":{"rendered":"ALVEAR FUE SEDE DE UN SIMULACRO DE JUICIO POR JURADOS"},"content":{"rendered":"<p><strong>La propuesta surgi\u00f3 desde el Consejo Departamental del Ni\u00f1o, Ni\u00f1a y Adolescente, ya que los j\u00f3venes quer\u00edan ser part\u00edcipes de un juicio por jurados para conocer su funcionamiento. Participaron alumnos de la escuela R\u00edo Atuel.<\/strong><\/p>\n<p>Jueces por un D\u00eda es el nombre que tuvo este evento, que apunt\u00f3 a j\u00f3venes de entre 16 y 20 a\u00f1os, <em><strong>\u201cEsta actividad tuvo fines pedag\u00f3gicos, ya que el simulacro fue grabado en un documental para que quede como documento para alumnos de las escuelas\u201d<\/strong> <\/em>indic\u00f3 Jorgelina Peralta, coordinadora del Consejo Departamental del Ni\u00f1o, Ni\u00f1a y Adolescente, quien agreg\u00f3 que los alumnos participantes, de la escuela R\u00edo Atuel, se vienen capacitando desde julio para poder ser parte de este evento.<\/p>\n<p>El Juez N\u00e9stor Murcia, se mostr\u00f3 muy agradecido por haber sido convocado a este simulacro: <em><strong>\u201cEs muy bueno que se realice porque es capacitarlos a un ejercicio ciudadano m\u00e1s, prepar\u00e1ndose para un eventual juicio. La mayor\u00eda de los jurados realizados en la provincia desde el a\u00f1o 2018 no sab\u00edan de qu\u00e9 se trataba, por eso es bueno capacitarse ante tama\u00f1a responsabilidad\u201d.<\/strong><\/em><\/p>\n<p><a href=\"https:\/\/vinasfm.com\/noticias\/wp-content\/uploads\/2023\/10\/IMG-20231023-WA0015.jpg\"><img loading=\"lazy\" decoding=\"async\" class=\"alignnone size-medium wp-image-128624\" src=\"https:\/\/vinasfm.com\/noticias\/wp-content\/uploads\/2023\/10\/IMG-20231023-WA0015-300x200.jpg\" alt=\"\" width=\"300\" height=\"200\" srcset=\"https:\/\/vinasfm.com\/noticias\/wp-content\/uploads\/2023\/10\/IMG-20231023-WA0015-300x200.jpg 300w, https:\/\/vinasfm.com\/noticias\/wp-content\/uploads\/2023\/10\/IMG-20231023-WA0015.jpg 512w\" sizes=\"auto, (max-width: 300px) 100vw, 300px\" \/><\/a> <a href=\"https:\/\/vinasfm.com\/noticias\/wp-content\/uploads\/2023\/10\/IMG-20231023-WA0014.jpg\"><img loading=\"lazy\" decoding=\"async\" class=\"alignnone size-medium wp-image-128625\" src=\"https:\/\/vinasfm.com\/noticias\/wp-content\/uploads\/2023\/10\/IMG-20231023-WA0014-300x200.jpg\" alt=\"\" width=\"300\" height=\"200\" srcset=\"https:\/\/vinasfm.com\/noticias\/wp-content\/uploads\/2023\/10\/IMG-20231023-WA0014-300x200.jpg 300w, https:\/\/vinasfm.com\/noticias\/wp-content\/uploads\/2023\/10\/IMG-20231023-WA0014.jpg 512w\" sizes=\"auto, (max-width: 300px) 100vw, 300px\" \/><\/a><\/p>\n","protected":false},"excerpt":{"rendered":"<p>La propuesta surgi\u00f3 desde el Consejo Departamental del Ni\u00f1o, Ni\u00f1a y Adolescente, ya que los j\u00f3venes quer\u00edan ser part\u00edcipes de un &#8230;<\/p>\n","protected":false},"author":7,"featured_media":128626,"comment_status":"open","ping_status":"open","sticky":false,"template":"","format":"standard","meta":{"footnotes":""},"categories":[5,11],"tags":[],"class_list":["post-128623","post","type-post","status-publish","format-standard","has-post-thumbnail","hentry","category-actualidad","category-sociales"],"_links":{"self":[{"href":"https:\/\/vinasfm.com\/noticias\/wp-json\/wp\/v2\/posts\/128623","targetHints":{"allow":["GET"]}}],"collection":[{"href":"https:\/\/vinasfm.com\/noticias\/wp-json\/wp\/v2\/posts"}],"about":[{"href":"https:\/\/vinasfm.com\/noticias\/wp-json\/wp\/v2\/types\/post"}],"author":[{"embeddable":true,"href":"https:\/\/vinasfm.com\/noticias\/wp-json\/wp\/v2\/users\/7"}],"replies":[{"embeddable":true,"href":"https:\/\/vinasfm.com\/noticias\/wp-json\/wp\/v2\/comments?post=128623"}],"version-history":[{"count":1,"href":"https:\/\/vinasfm.com\/noticias\/wp-json\/wp\/v2\/posts\/128623\/revisions"}],"predecessor-version":[{"id":128627,"href":"https:\/\/vinasfm.com\/noticias\/wp-json\/wp\/v2\/posts\/128623\/revisions\/128627"}],"wp:featuredmedia":[{"embeddable":true,"href":"https:\/\/vinasfm.com\/noticias\/wp-json\/wp\/v2\/media\/128626"}],"wp:attachment":[{"href":"https:\/\/vinasfm.com\/noticias\/wp-json\/wp\/v2\/media?parent=128623"}],"wp:term":[{"taxonomy":"category","embeddable":true,"href":"https:\/\/vinasfm.com\/noticias\/wp-json\/wp\/v2\/categories?post=128623"},{"taxonomy":"post_tag","embeddable":true,"href":"https:\/\/vinasfm.com\/noticias\/wp-json\/wp\/v2\/tags?post=128623"}],"curies":[{"name":"wp","href":"https:\/\/api.w.org\/{rel}","templated":true}]}}