{"id":128615,"date":"2023-10-23T09:01:25","date_gmt":"2023-10-23T12:01:25","guid":{"rendered":"https:\/\/vinasfm.com\/noticias\/?p=128615"},"modified":"2023-10-24T08:11:46","modified_gmt":"2023-10-24T11:11:46","slug":"robaron-un-par-de-zapatillas-en-un-local-comercial-en-pleno-centro","status":"publish","type":"post","link":"https:\/\/vinasfm.com\/noticias\/robaron-un-par-de-zapatillas-en-un-local-comercial-en-pleno-centro\/","title":{"rendered":"ROBARON UN PAR DE ZAPATILLAS EN UN LOCAL COMERCIAL EN PLENO CENTRO"},"content":{"rendered":"<p><strong>El d\u00eda s\u00e1bado en horas de la tarde se toma conocimiento de un posible il\u00edcito en un local comercial ubicado en Libertador Sur al 67.<\/strong><\/p>\n<p>La v\u00edctima da cuenta que una pareja hab\u00eda procedido a la sustracci\u00f3n de un par de zapatillas en la modalidad mecheros, con los datos aportados personal policial de la Unidad Cicl\u00edstica de Acci\u00f3n R\u00e1pida se desplaza a inmediaciones de la Terminal de \u00d3mnibus donde dan con esta pareja, como as\u00ed tambi\u00e9n con el bien que hab\u00edan sustra\u00eddo en el local comercial. Ambos sujetos un masculino y una femenino oriundos el Departamento de San Rafael.<\/p>\n<p>Desde la Oficina Fiscal y la Unidad Investigativa, se est\u00e1 trabajando ya que posiblemente estos ciudadanos tambi\u00e9n habr\u00edan sido part\u00edcipes de la sustracci\u00f3n de distintos elementos en la misma modalidad. Por tal motivo, se solicita a los comerciantes y ciudadan\u00eda en general, qu\u00e9 puedan haber sido v\u00edctima de la sustracci\u00f3n de elementos no denunciados, presentarse en Comisaria 14a a radicar la denuncia pertinente.<\/p>\n","protected":false},"excerpt":{"rendered":"<p>El d\u00eda s\u00e1bado en horas de la tarde se toma conocimiento de un posible il\u00edcito en un local comercial ubicado en &#8230;<\/p>\n","protected":false},"author":7,"featured_media":117843,"comment_status":"open","ping_status":"open","sticky":false,"template":"","format":"standard","meta":{"footnotes":""},"categories":[5,4],"tags":[],"class_list":["post-128615","post","type-post","status-publish","format-standard","has-post-thumbnail","hentry","category-actualidad","category-policiales"],"_links":{"self":[{"href":"https:\/\/vinasfm.com\/noticias\/wp-json\/wp\/v2\/posts\/128615","targetHints":{"allow":["GET"]}}],"collection":[{"href":"https:\/\/vinasfm.com\/noticias\/wp-json\/wp\/v2\/posts"}],"about":[{"href":"https:\/\/vinasfm.com\/noticias\/wp-json\/wp\/v2\/types\/post"}],"author":[{"embeddable":true,"href":"https:\/\/vinasfm.com\/noticias\/wp-json\/wp\/v2\/users\/7"}],"replies":[{"embeddable":true,"href":"https:\/\/vinasfm.com\/noticias\/wp-json\/wp\/v2\/comments?post=128615"}],"version-history":[{"count":1,"href":"https:\/\/vinasfm.com\/noticias\/wp-json\/wp\/v2\/posts\/128615\/revisions"}],"predecessor-version":[{"id":128616,"href":"https:\/\/vinasfm.com\/noticias\/wp-json\/wp\/v2\/posts\/128615\/revisions\/128616"}],"wp:featuredmedia":[{"embeddable":true,"href":"https:\/\/vinasfm.com\/noticias\/wp-json\/wp\/v2\/media\/117843"}],"wp:attachment":[{"href":"https:\/\/vinasfm.com\/noticias\/wp-json\/wp\/v2\/media?parent=128615"}],"wp:term":[{"taxonomy":"category","embeddable":true,"href":"https:\/\/vinasfm.com\/noticias\/wp-json\/wp\/v2\/categories?post=128615"},{"taxonomy":"post_tag","embeddable":true,"href":"https:\/\/vinasfm.com\/noticias\/wp-json\/wp\/v2\/tags?post=128615"}],"curies":[{"name":"wp","href":"https:\/\/api.w.org\/{rel}","templated":true}]}}