{"id":128610,"date":"2023-10-23T08:43:25","date_gmt":"2023-10-23T11:43:25","guid":{"rendered":"https:\/\/vinasfm.com\/noticias\/?p=128610"},"modified":"2023-10-23T11:05:57","modified_gmt":"2023-10-23T14:05:57","slug":"sin-un-ganador-en-primera-vuelta-massa-y-milei-se-encontraran-en-el-balotaje","status":"publish","type":"post","link":"https:\/\/vinasfm.com\/noticias\/sin-un-ganador-en-primera-vuelta-massa-y-milei-se-encontraran-en-el-balotaje\/","title":{"rendered":"SIN UN GANADOR EN PRIMERA VUELTA, MASSA Y MILEI SE ENCONTRAR\u00c1N EN EL BALOTAJE"},"content":{"rendered":"<p><strong>El candidato por el oficialismo sorprendi\u00f3 al imponerse con el 36,7%, mientras que su rival liberal cosech\u00f3 el 30,1%. Patricia Bullrich de JxC qued\u00f3 en tercer lugar y fuera de carrera.<\/strong><\/p>\n<p>Con el 92,3% de las mesas escrutadas, el candidato a presidente por la coalici\u00f3n oficialista Uni\u00f3n por la Patria (UP) consegu\u00eda el 36,7% de los votos, seguido por el postulante de La Libertad Avanza (30,1%). En tanto, detr\u00e1s y ya fuera de la contienda quedaron los aspirantes de Juntos por el Cambio, Patricia Bullrich (23,8%); de Hacemos por Nuestro Pa\u00eds, Juan Schiaretti (6,9%), y del Frente de Izquierda y Trabajadores, Myriam Bregman (2,6%).<\/p>\n<p>Aunque la batalla central seguir\u00e1 abierta hasta el 19 de noviembre, cuando se celebrar\u00e1 la segunda vuelta, el pronunciamiento en las urnas permiti\u00f3 vislumbrar con mayor claridad la in\u00e9dita configuraci\u00f3n del mapa de poder que predominar\u00e1 en los pr\u00f3ximos cuatro a\u00f1os.<\/p>\n<p><a href=\"https:\/\/vinasfm.com\/noticias\/wp-content\/uploads\/2023\/10\/IMG-20231023-WA0008.jpg\"><img loading=\"lazy\" decoding=\"async\" class=\"alignnone wp-image-128612 size-large\" src=\"https:\/\/vinasfm.com\/noticias\/wp-content\/uploads\/2023\/10\/IMG-20231023-WA0008-1024x246.jpg\" alt=\"\" width=\"1024\" height=\"246\" srcset=\"https:\/\/vinasfm.com\/noticias\/wp-content\/uploads\/2023\/10\/IMG-20231023-WA0008-1024x246.jpg 1024w, https:\/\/vinasfm.com\/noticias\/wp-content\/uploads\/2023\/10\/IMG-20231023-WA0008-300x72.jpg 300w, https:\/\/vinasfm.com\/noticias\/wp-content\/uploads\/2023\/10\/IMG-20231023-WA0008-768x184.jpg 768w, https:\/\/vinasfm.com\/noticias\/wp-content\/uploads\/2023\/10\/IMG-20231023-WA0008-1536x369.jpg 1536w, https:\/\/vinasfm.com\/noticias\/wp-content\/uploads\/2023\/10\/IMG-20231023-WA0008.jpg 1600w\" sizes=\"auto, (max-width: 1024px) 100vw, 1024px\" \/><\/a><\/p>\n","protected":false},"excerpt":{"rendered":"<p>El candidato por el oficialismo sorprendi\u00f3 al imponerse con el 36,7%, mientras que su rival liberal cosech\u00f3 el 30,1%. Patricia Bullrich &#8230;<\/p>\n","protected":false},"author":7,"featured_media":128611,"comment_status":"open","ping_status":"open","sticky":false,"template":"","format":"standard","meta":{"footnotes":""},"categories":[5,23],"tags":[],"class_list":["post-128610","post","type-post","status-publish","format-standard","has-post-thumbnail","hentry","category-actualidad","category-elecciones"],"_links":{"self":[{"href":"https:\/\/vinasfm.com\/noticias\/wp-json\/wp\/v2\/posts\/128610","targetHints":{"allow":["GET"]}}],"collection":[{"href":"https:\/\/vinasfm.com\/noticias\/wp-json\/wp\/v2\/posts"}],"about":[{"href":"https:\/\/vinasfm.com\/noticias\/wp-json\/wp\/v2\/types\/post"}],"author":[{"embeddable":true,"href":"https:\/\/vinasfm.com\/noticias\/wp-json\/wp\/v2\/users\/7"}],"replies":[{"embeddable":true,"href":"https:\/\/vinasfm.com\/noticias\/wp-json\/wp\/v2\/comments?post=128610"}],"version-history":[{"count":1,"href":"https:\/\/vinasfm.com\/noticias\/wp-json\/wp\/v2\/posts\/128610\/revisions"}],"predecessor-version":[{"id":128613,"href":"https:\/\/vinasfm.com\/noticias\/wp-json\/wp\/v2\/posts\/128610\/revisions\/128613"}],"wp:featuredmedia":[{"embeddable":true,"href":"https:\/\/vinasfm.com\/noticias\/wp-json\/wp\/v2\/media\/128611"}],"wp:attachment":[{"href":"https:\/\/vinasfm.com\/noticias\/wp-json\/wp\/v2\/media?parent=128610"}],"wp:term":[{"taxonomy":"category","embeddable":true,"href":"https:\/\/vinasfm.com\/noticias\/wp-json\/wp\/v2\/categories?post=128610"},{"taxonomy":"post_tag","embeddable":true,"href":"https:\/\/vinasfm.com\/noticias\/wp-json\/wp\/v2\/tags?post=128610"}],"curies":[{"name":"wp","href":"https:\/\/api.w.org\/{rel}","templated":true}]}}