{"id":128584,"date":"2023-10-21T10:21:58","date_gmt":"2023-10-21T13:21:58","guid":{"rendered":"https:\/\/vinasfm.com\/noticias\/?p=128584"},"modified":"2023-10-23T09:15:14","modified_gmt":"2023-10-23T12:15:14","slug":"paritarias-2023-el-gobierno-continua-la-ronda-de-reuniones-con-sectores-de-la-administracion-publica","status":"publish","type":"post","link":"https:\/\/vinasfm.com\/noticias\/paritarias-2023-el-gobierno-continua-la-ronda-de-reuniones-con-sectores-de-la-administracion-publica\/","title":{"rendered":"PARITARIAS 2023: EL GOBIERNO CONTIN\u00daA LA RONDA DE REUNIONES CON SECTORES DE LA ADMINISTRACI\u00d3N P\u00daBLICA"},"content":{"rendered":"<p><span style=\"color: #000000;\"><strong>El Gobierno provincial mantuvo un nuevo encuentro, en la segunda jornada de reuniones paritarias, con los representantes gremiales de los funcionarios y empleados judiciales y la Direcci\u00f3n Provincial de Vialidad.<\/strong><\/span><\/p>\n<p><span style=\"color: #000000;\">El Gobierno inici\u00f3 las negociaciones paritarias en las fechas originalmente pactadas con los gremios. Hoy se sentaron a la mesa los representantes gremiales de los funcionarios y empleados judiciales y de la Direcci\u00f3n Provincial de Vialidad.<\/span><\/p>\n<p><span style=\"color: #000000;\">La oferta presentada considera los efectos negativos sobre las finanzas provinciales que tendr\u00e1n las recientes modificaciones en la pol\u00edtica tributaria nacional y es obligaci\u00f3n del Estado tomar en cuenta su repercusi\u00f3n a fin de asegurar el pago de los salarios. El incremento de 10% al b\u00e1sico ofrecido para noviembre y diciembre se plantea, asimismo, en v\u00edsperas de un escenario electoral nacional cuyo resultado no ser\u00e1 neutral para el escenario macroecon\u00f3mico.<\/span><\/p>\n<p><span style=\"color: #000000;\">El lunes poselecci\u00f3n nacional PASO, el peso se devalu\u00f3 22% frente al d\u00f3lar, disparando un ajuste inmediato en los precios. Ante esta situaci\u00f3n, el Gobierno provincial ha definido una oferta salarial con incrementos en noviembre y diciembre que compensan el impacto de la inflaci\u00f3n proyectada 2023, pudiendo ser modificada conforme se ubiquen las variables macroecon\u00f3micas en el corto plazo.<\/span><\/p>\n","protected":false},"excerpt":{"rendered":"<p>El Gobierno provincial mantuvo un nuevo encuentro, en la segunda jornada de reuniones paritarias, con los representantes gremiales de los funcionarios &#8230;<\/p>\n","protected":false},"author":7,"featured_media":128585,"comment_status":"open","ping_status":"open","sticky":false,"template":"","format":"standard","meta":{"footnotes":""},"categories":[5,172],"tags":[],"class_list":["post-128584","post","type-post","status-publish","format-standard","has-post-thumbnail","hentry","category-actualidad","category-paritarias"],"_links":{"self":[{"href":"https:\/\/vinasfm.com\/noticias\/wp-json\/wp\/v2\/posts\/128584","targetHints":{"allow":["GET"]}}],"collection":[{"href":"https:\/\/vinasfm.com\/noticias\/wp-json\/wp\/v2\/posts"}],"about":[{"href":"https:\/\/vinasfm.com\/noticias\/wp-json\/wp\/v2\/types\/post"}],"author":[{"embeddable":true,"href":"https:\/\/vinasfm.com\/noticias\/wp-json\/wp\/v2\/users\/7"}],"replies":[{"embeddable":true,"href":"https:\/\/vinasfm.com\/noticias\/wp-json\/wp\/v2\/comments?post=128584"}],"version-history":[{"count":1,"href":"https:\/\/vinasfm.com\/noticias\/wp-json\/wp\/v2\/posts\/128584\/revisions"}],"predecessor-version":[{"id":128586,"href":"https:\/\/vinasfm.com\/noticias\/wp-json\/wp\/v2\/posts\/128584\/revisions\/128586"}],"wp:featuredmedia":[{"embeddable":true,"href":"https:\/\/vinasfm.com\/noticias\/wp-json\/wp\/v2\/media\/128585"}],"wp:attachment":[{"href":"https:\/\/vinasfm.com\/noticias\/wp-json\/wp\/v2\/media?parent=128584"}],"wp:term":[{"taxonomy":"category","embeddable":true,"href":"https:\/\/vinasfm.com\/noticias\/wp-json\/wp\/v2\/categories?post=128584"},{"taxonomy":"post_tag","embeddable":true,"href":"https:\/\/vinasfm.com\/noticias\/wp-json\/wp\/v2\/tags?post=128584"}],"curies":[{"name":"wp","href":"https:\/\/api.w.org\/{rel}","templated":true}]}}