{"id":128564,"date":"2023-10-20T11:31:17","date_gmt":"2023-10-20T14:31:17","guid":{"rendered":"https:\/\/vinasfm.com\/noticias\/?p=128564"},"modified":"2023-10-21T10:54:59","modified_gmt":"2023-10-21T13:54:59","slug":"marcolini-se-refirio-al-futuro-de-alvear-bajo-la-gestion-de-molero","status":"publish","type":"post","link":"https:\/\/vinasfm.com\/noticias\/marcolini-se-refirio-al-futuro-de-alvear-bajo-la-gestion-de-molero\/","title":{"rendered":"MARCOLINI SE REFIRI\u00d3 AL FUTURO DE ALVEAR BAJO LA GESTI\u00d3N DE MOLERO"},"content":{"rendered":"<p><strong>En las pasadas elecciones del 24 de septiembre, Alejandro Molero fue electo como el nuevo intendente departamental. De esta manera, Cambia Mendoza continuar\u00e1 conduciendo al departamento durante 4 a\u00f1os m\u00e1s. <\/strong><\/p>\n<p>Marcolini celebr\u00f3 que <strong><em>\u201caunque cambiar\u00e1 la administraci\u00f3n, este espacio continuar\u00e1 en el gobierno\u201d<\/em><\/strong>, as\u00ed mismo destac\u00f3 que <strong><em>\u201ctodos los funcionarios que forman parte del actual Gabinete est\u00e1n a disposici\u00f3n del Intendente electo desde el d\u00eda siguiente a la elecci\u00f3n\u201d.<\/em><\/strong><\/p>\n<p>Si bien ya han sonado algunos nombres que podr\u00edan integrar el futuro Gabinete de Molero, Marcolini se\u00f1al\u00f3 que <strong><em>\u201chay conversaciones para que algunos de los funcionarios contin\u00faen en sus cargos, porque Alejandro ha demostrado inter\u00e9s en ellos, la decisi\u00f3n final y los ofrecimientos le corresponder\u00e1n a \u00e9l\u201d.<\/em><\/strong> Adem\u00e1s, subray\u00f3 que <strong><em>\u201ces muy importante mantener un buen dialogo con quienes conformar\u00e1n la siguiente gesti\u00f3n porque el pa\u00eds no est\u00e1 en condiciones de soportar situaciones en donde no se trabaje en conjunto. Debemos garantizar que una Gesti\u00f3n que ha sido muy buena se mantenga con el correr del tiempo\u201d.<\/em><\/strong><\/p>\n<p><img loading=\"lazy\" decoding=\"async\" class=\"\" src=\"https:\/\/scontent.fnqn2-1.fna.fbcdn.net\/v\/t39.30808-6\/386635892_6676116272484540_1686515699322815629_n.jpg?_nc_cat=111&amp;ccb=1-7&amp;_nc_sid=5f2048&amp;_nc_eui2=AeHmX-ZFKEDEuf4NAbWKOqkcnJszSqUWQJ2cmzNKpRZAnZnQaxWvmGCLLe_iZkWGlVj8kRt1_uO7PDiV8czFE4lw&amp;_nc_ohc=a1t-KFpSXWEAX9JdkYB&amp;_nc_ht=scontent.fnqn2-1.fna&amp;oh=00_AfDR-uWvC-vbURCoOHJTc7K3L7VjjkswhtgSwhsR7tmQFw&amp;oe=65378198\" alt=\"Puede ser una imagen de 2 personas\" width=\"499\" height=\"281\" \/><\/p>\n<p>Sobre su futura asunci\u00f3n como Senador, que obtuvo tras elecciones del 24 de septiembre, se\u00f1al\u00f3 que<strong><em> \u201ca\u00fan no hay una fecha\u201d<\/em><\/strong>, sin embargo aclar\u00f3 que \u00e9l asumir\u00e1 luego de entregar su mandato ya que no pretende renunciar a su actual cargo.<strong><em> \u201cYa comuniqu\u00e9 mi decisi\u00f3n. Voy a entregar a Molero el mando el 10 de diciembre, posterior a eso asumir\u00e9 la banca en el Senado\u201d<\/em><\/strong>, afirm\u00f3.<\/p>\n<p>En el caso de los concejales electos que ingresar\u00e1n al HCD (<strong>Carlos Zalaz\u00e1r, Gisella Bello, N\u00e9stor Ortega, Mirtha Mart\u00ednez y Florencia Escart\u00edn<\/strong>), se estipula que asumir\u00e1n sus cargos en los \u00faltimos d\u00edas de noviembre.<\/p>\n","protected":false},"excerpt":{"rendered":"<p>En las pasadas elecciones del 24 de septiembre, Alejandro Molero fue electo como el nuevo intendente departamental. De esta manera, Cambia &#8230;<\/p>\n","protected":false},"author":7,"featured_media":128566,"comment_status":"open","ping_status":"open","sticky":false,"template":"","format":"standard","meta":{"footnotes":""},"categories":[5,10],"tags":[],"class_list":["post-128564","post","type-post","status-publish","format-standard","has-post-thumbnail","hentry","category-actualidad","category-destacadas"],"_links":{"self":[{"href":"https:\/\/vinasfm.com\/noticias\/wp-json\/wp\/v2\/posts\/128564","targetHints":{"allow":["GET"]}}],"collection":[{"href":"https:\/\/vinasfm.com\/noticias\/wp-json\/wp\/v2\/posts"}],"about":[{"href":"https:\/\/vinasfm.com\/noticias\/wp-json\/wp\/v2\/types\/post"}],"author":[{"embeddable":true,"href":"https:\/\/vinasfm.com\/noticias\/wp-json\/wp\/v2\/users\/7"}],"replies":[{"embeddable":true,"href":"https:\/\/vinasfm.com\/noticias\/wp-json\/wp\/v2\/comments?post=128564"}],"version-history":[{"count":1,"href":"https:\/\/vinasfm.com\/noticias\/wp-json\/wp\/v2\/posts\/128564\/revisions"}],"predecessor-version":[{"id":128567,"href":"https:\/\/vinasfm.com\/noticias\/wp-json\/wp\/v2\/posts\/128564\/revisions\/128567"}],"wp:featuredmedia":[{"embeddable":true,"href":"https:\/\/vinasfm.com\/noticias\/wp-json\/wp\/v2\/media\/128566"}],"wp:attachment":[{"href":"https:\/\/vinasfm.com\/noticias\/wp-json\/wp\/v2\/media?parent=128564"}],"wp:term":[{"taxonomy":"category","embeddable":true,"href":"https:\/\/vinasfm.com\/noticias\/wp-json\/wp\/v2\/categories?post=128564"},{"taxonomy":"post_tag","embeddable":true,"href":"https:\/\/vinasfm.com\/noticias\/wp-json\/wp\/v2\/tags?post=128564"}],"curies":[{"name":"wp","href":"https:\/\/api.w.org\/{rel}","templated":true}]}}