{"id":128558,"date":"2023-10-20T10:00:36","date_gmt":"2023-10-20T13:00:36","guid":{"rendered":"https:\/\/vinasfm.com\/noticias\/?p=128558"},"modified":"2023-10-21T10:33:15","modified_gmt":"2023-10-21T13:33:15","slug":"elecciones-2023-mendoza-renueva-cinco-bancas-en-la-camara-de-diputados","status":"publish","type":"post","link":"https:\/\/vinasfm.com\/noticias\/elecciones-2023-mendoza-renueva-cinco-bancas-en-la-camara-de-diputados\/","title":{"rendered":"ELECCIONES 2023: MENDOZA RENUEVA CINCO BANCAS EN LA C\u00c1MARA DE DIPUTADOS"},"content":{"rendered":"<p><strong>Este domingo, los mendocinos votar\u00e1n para a la f\u00f3rmula presidencial, los diputados nacionales y al postulante al parlamento de Mercosur.<\/strong><\/p>\n<p>Casi un mill\u00f3n y medio de mendocinos podr\u00e1n concurrir a las urnas en las\u00a0<strong>elecciones generales<\/strong>\u00a0del domingo 22 para votar, adem\u00e1s de la f\u00f3rmula presidencial, los diputados nacionales que ocupar\u00e1n las cinco bancas que la provincia renueva en la c\u00e1mara baja y al postulante que ocupar\u00e1 un esca\u00f1o en el parlamento del Mercosur.<\/p>\n<p>Mendoza renueva este a\u00f1o cinco de las diez bancas que tiene en la\u00a0<strong>C\u00e1mara de Diputados nacional\u00a0<\/strong>y una en el \u00f3rgano legislativo del Mercosur.<\/p>\n<p>La lista del frente oficialista\u00a0<strong>Cambia Mendoza<\/strong>\u00a0-que a nivel nacional respalda la f\u00f3rmula presidencial\u00a0<strong>Patricia Bullrich-Luis Petri<\/strong>\u00a0de\u00a0<strong>Juntos por el Cambio<\/strong>\u00a0(JxC)- est\u00e1 encabezada por el legislador nacional\u00a0<strong>Lisandro Nieri<\/strong>, acompa\u00f1ado por\u00a0<strong>Patricia Gim\u00e9nez<\/strong>\u00a0y el ministro de Gobierno<strong>\u00a0V\u00edctor Ib\u00e1\u00f1ez\u00a0<\/strong>en los primeros lugares, mientras\u00a0<strong>Roberto R\u00edos<\/strong>\u00a0se presenta como aspirante al Parlasur.<\/p>\n<p>La n\u00f3mina de diputados de<strong>\u00a0Uni\u00f3n por la Patria\u00a0<\/strong>(UxP), que acompa\u00f1a al binomio presidencial\u00a0<strong>Sergio Massa-Agust\u00edn Rossi<\/strong>, propone en el primer puesto al intendente de Tunuy\u00e1n,\u00a0<strong>Mart\u00edn Aveiro<\/strong>, seguido por la economista\u00a0<strong>Mar\u00eda Amalia Granata<\/strong>\u00a0y\u00a0<strong>Pablo Portuso<\/strong>, en tanto que\u00a0<strong>Lautaro Cruciani<\/strong>\u00a0competir\u00e1 por la banca del Mercosur.<\/p>\n<p>Detr\u00e1s de los postulantes al Ejecutivo nacional,\u00a0<strong>Javier MiIei y Victoria Villarruel<\/strong>,\u00a0<strong>La Libertad Avanza<\/strong>\u00a0(LLA) propone en la categor\u00eda de diputados nacionales a la legisladora provincial\u00a0<strong>Mercedes Llano<\/strong>, acompa\u00f1ada por\u00a0<strong>Facundo Correa Llano\u00a0<\/strong>y\u00a0<strong>Jorge Santilli Girala<\/strong>\u00a0como candidato al Parlasur.<\/p>\n<p>El\u00a0<strong>Frente de Izquierda y Trabajadores-Unidad<\/strong>, bajo la f\u00f3rmula presidencial de\u00a0<strong>Myriam Bregman<\/strong>\u00a0y\u00a0<strong>Nicol\u00e1s del Ca\u00f1o<\/strong>, impulsa las candidaturas de\u00a0<strong>Laura Espeche<\/strong>\u00a0y\u00a0<strong>Esteban Rodr\u00edguez<\/strong>\u00a0para la c\u00e1mara baja, mientras\u00a0<strong>Franco Ricco<\/strong>\u00a0es el precandidato al Parlasur.<\/p>\n<p>La fuerza\u00a0<strong>Libres del Sur<\/strong>, aliada del oficialismo provincial y que no logr\u00f3 superar el piso de 1,5% votos para la categor\u00eda de presidente en las PASO de agosto \u00faltimo, llevar\u00e1 s\u00f3lo boleta corta con sus postulantes a diputados (con\u00a0<strong>Adri\u00e1n Bonada<\/strong>\u00a0a la cabeza) y al cuerpo deliberativo del Mercosur (<strong>Silvina Anfuso<\/strong>).<\/p>\n<p>Una situaci\u00f3n inversa sucedi\u00f3 con la fuerza\u00a0<strong>Hacemos por Nuestro Pa\u00eds<\/strong>, que s\u00ed podr\u00e1 competir con su binomio presidencial\u00a0<strong>Juan Schiaretti-Florencio Randazzo<\/strong>, pero no tendr\u00e1 n\u00f3mina parlamentaria por no haber alcanzado en agosto el m\u00ednimo del 1,5% de los sufragios.<\/p>\n<p>Mendoza tiene en total 1.492.379 electores habilitados para sufragar, seg\u00fan datos de la C\u00e1mara Nacional Electoral.<\/p>\n<aside class=\"scaip scaip-3 \"><\/aside>\n<p>Este a\u00f1o se renuevan las bancas que ocupan Lisandro Nieri y Jimena Latorre (Cambia Mendoza), Omar De Marchi (quien se alej\u00f3 de Cambia Mendoza y form\u00f3 otro espacio pol\u00edtico, Uni\u00f3n Mendocina) y Eber P\u00e9rez Plaza y Marisa Uceda, del Frente de Todos (FdT).<\/p>\n<p>En las primarias abiertas, simult\u00e1neas y obligatorias (PASO) del 13 de agosto pasado, Milei fue el candidato presidencial m\u00e1s votado en la provincia cuyana con un 44% de votos, mientras que JxC obtuvo el 28% de los sufragios y UxP logr\u00f3 el 17%, seg\u00fan el escrutinio definitivo.<\/p>\n","protected":false},"excerpt":{"rendered":"<p>Este domingo, los mendocinos votar\u00e1n para a la f\u00f3rmula presidencial, los diputados nacionales y al postulante al parlamento de Mercosur. Casi &#8230;<\/p>\n","protected":false},"author":7,"featured_media":128559,"comment_status":"open","ping_status":"open","sticky":false,"template":"","format":"standard","meta":{"footnotes":""},"categories":[5,23],"tags":[],"class_list":["post-128558","post","type-post","status-publish","format-standard","has-post-thumbnail","hentry","category-actualidad","category-elecciones"],"_links":{"self":[{"href":"https:\/\/vinasfm.com\/noticias\/wp-json\/wp\/v2\/posts\/128558","targetHints":{"allow":["GET"]}}],"collection":[{"href":"https:\/\/vinasfm.com\/noticias\/wp-json\/wp\/v2\/posts"}],"about":[{"href":"https:\/\/vinasfm.com\/noticias\/wp-json\/wp\/v2\/types\/post"}],"author":[{"embeddable":true,"href":"https:\/\/vinasfm.com\/noticias\/wp-json\/wp\/v2\/users\/7"}],"replies":[{"embeddable":true,"href":"https:\/\/vinasfm.com\/noticias\/wp-json\/wp\/v2\/comments?post=128558"}],"version-history":[{"count":1,"href":"https:\/\/vinasfm.com\/noticias\/wp-json\/wp\/v2\/posts\/128558\/revisions"}],"predecessor-version":[{"id":128560,"href":"https:\/\/vinasfm.com\/noticias\/wp-json\/wp\/v2\/posts\/128558\/revisions\/128560"}],"wp:featuredmedia":[{"embeddable":true,"href":"https:\/\/vinasfm.com\/noticias\/wp-json\/wp\/v2\/media\/128559"}],"wp:attachment":[{"href":"https:\/\/vinasfm.com\/noticias\/wp-json\/wp\/v2\/media?parent=128558"}],"wp:term":[{"taxonomy":"category","embeddable":true,"href":"https:\/\/vinasfm.com\/noticias\/wp-json\/wp\/v2\/categories?post=128558"},{"taxonomy":"post_tag","embeddable":true,"href":"https:\/\/vinasfm.com\/noticias\/wp-json\/wp\/v2\/tags?post=128558"}],"curies":[{"name":"wp","href":"https:\/\/api.w.org\/{rel}","templated":true}]}}