{"id":128554,"date":"2023-10-20T09:47:42","date_gmt":"2023-10-20T12:47:42","guid":{"rendered":"https:\/\/vinasfm.com\/noticias\/?p=128554"},"modified":"2023-10-21T10:16:19","modified_gmt":"2023-10-21T13:16:19","slug":"paritarias-2023-el-gobierno-reanudo-las-reuniones-con-el-sute","status":"publish","type":"post","link":"https:\/\/vinasfm.com\/noticias\/paritarias-2023-el-gobierno-reanudo-las-reuniones-con-el-sute\/","title":{"rendered":"PARITARIAS 2023: EL GOBIERNO REANUD\u00d3 LAS REUNIONES CON EL SUTE"},"content":{"rendered":"<p><span style=\"color: #000000;\"><strong>El Gobierno provincial reanud\u00f3 este jueves 19 el di\u00e1logo con los representantes gremiales de los agentes de la Administraci\u00f3n P\u00fablica. En este caso, fue con el gremio que nuclea a los trabajadores de la educaci\u00f3n, el SUTE.<\/strong><\/span><\/p>\n<p><span style=\"color: #000000;\">El Gobierno comenz\u00f3 las negociaciones paritarias en las fechas originalmente pactadas con los gremios. La oferta realizada considera los efectos negativos sobre las finanzas provinciales que tendr\u00e1n las recientes modificaciones en la pol\u00edtica tributaria nacional. Al incremento al b\u00e1sico y Estado Docente de 10% para los salarios de noviembre y diciembre, se suma para este sector la actualizaci\u00f3n de las garant\u00edas de salario de bolsillo. En noviembre, un docente que se inicia recibir\u00e1 $220.000 por cargo, y los de mayor antig\u00fcedad, $290.000. En diciembre, estos valores ser\u00e1n de $250.000 y $310.000 respectivamente.<\/span><\/p>\n<p><span style=\"color: #000000;\">El incremento salarial ofrecido se plantea en v\u00edsperas de un escenario electoral nacional cuyo resultado no ser\u00e1 neutral para el escenario macroecon\u00f3mico. El lunes postelecci\u00f3n nacional PASO, el peso se devalu\u00f3 22% frente al d\u00f3lar disparando un ajuste inmediato en los precios. Ante eso, el Gobierno provincial ha decidido proponer una oferta salarial que, considerando los incrementos de noviembre y diciembre, compensa en parte el impacto de la inflaci\u00f3n proyectada 2023, pudiendo ser modificada conforme se ubiquen las variables macroecon\u00f3micas en el corto plazo.<\/span><\/p>\n<p><span style=\"color: #000000;\">La subsecretaria de Gesti\u00f3n P\u00fablica y Modernizaci\u00f3n del Estado, Beatriz Mart\u00ednez, indic\u00f3: <em><strong>\u201cComo hab\u00edamos acordado en las mesas paritarias anteriores, el Gobierno de la provincia de Mendoza se reuni\u00f3 con los representantes de los trabajadores de la educaci\u00f3n. En esta oportunidad, les acercamos una oferta que contempla 10% de incremento para noviembre y 10% de incremento para el 10 de diciembre, y se suma tambi\u00e9n que se incrementa el salario m\u00ednimo garantizado. Es decir que al mes de octubre ning\u00fan docente de la provincia que reci\u00e9n se inicia va a estar por debajo de los 220 mil pesos, cifra que al mes de diciembre va a alcanzar 250 mil pesos. Para los docentes que tienen antig\u00fcedad, esta garant\u00eda se eleva a 290 mil pesos para octubre y 310 mil pesos para diciembre\u201d.<\/strong><\/em><\/span><\/p>\n<p><span style=\"color: #000000;\"><strong><em>\u201cHemos tenido en cuenta el contexto que estamos viviendo previo a la elecci\u00f3n del d\u00eda domingo, y hemos acordado una mesa t\u00e9cnica para el 24 de octubre, donde vamos a seguir trabajando en los distintos aspectos que nos han acercado, teniendo presente, justamente, que en las elecciones anteriores, el d\u00eda siguiente a las PASO, el Gobierno nacional hizo una devaluaci\u00f3n del peso del 22% que impact\u00f3 directamente en el incremento de los precios. Entonces, en este escenario estamos siendo muy cautelosos y vamos a seguir trabajando en mesas t\u00e9cnicas postescenario electoral del domingo para analizar las propuestas que podamos acercar\u201d<\/em><\/strong>, agreg\u00f3 la subsecretaria.<\/span><\/p>\n<p><span style=\"color: #000000;\">Por \u00faltimo, Beatriz Mart\u00ednez indic\u00f3:<em><strong> \u201cCon esta oferta que hacemos garantizamos el pago de los salarios para los meses de noviembre y diciembre con estos incrementos de 10%. No obstante, durante la semana pr\u00f3xima vamos a volver a reunirnos para analizar lo que nos est\u00e9n planteando los representantes gremiales y tambi\u00e9n tratando de tener alg\u00fan tipo m\u00e1s de certidumbre respecto al escenario postelecciones\u201d.<\/strong><\/em><\/span><\/p>\n","protected":false},"excerpt":{"rendered":"<p>El Gobierno provincial reanud\u00f3 este jueves 19 el di\u00e1logo con los representantes gremiales de los agentes de la Administraci\u00f3n P\u00fablica. En &#8230;<\/p>\n","protected":false},"author":7,"featured_media":128555,"comment_status":"open","ping_status":"open","sticky":false,"template":"","format":"standard","meta":{"footnotes":""},"categories":[5,172],"tags":[],"class_list":["post-128554","post","type-post","status-publish","format-standard","has-post-thumbnail","hentry","category-actualidad","category-paritarias"],"_links":{"self":[{"href":"https:\/\/vinasfm.com\/noticias\/wp-json\/wp\/v2\/posts\/128554","targetHints":{"allow":["GET"]}}],"collection":[{"href":"https:\/\/vinasfm.com\/noticias\/wp-json\/wp\/v2\/posts"}],"about":[{"href":"https:\/\/vinasfm.com\/noticias\/wp-json\/wp\/v2\/types\/post"}],"author":[{"embeddable":true,"href":"https:\/\/vinasfm.com\/noticias\/wp-json\/wp\/v2\/users\/7"}],"replies":[{"embeddable":true,"href":"https:\/\/vinasfm.com\/noticias\/wp-json\/wp\/v2\/comments?post=128554"}],"version-history":[{"count":1,"href":"https:\/\/vinasfm.com\/noticias\/wp-json\/wp\/v2\/posts\/128554\/revisions"}],"predecessor-version":[{"id":128556,"href":"https:\/\/vinasfm.com\/noticias\/wp-json\/wp\/v2\/posts\/128554\/revisions\/128556"}],"wp:featuredmedia":[{"embeddable":true,"href":"https:\/\/vinasfm.com\/noticias\/wp-json\/wp\/v2\/media\/128555"}],"wp:attachment":[{"href":"https:\/\/vinasfm.com\/noticias\/wp-json\/wp\/v2\/media?parent=128554"}],"wp:term":[{"taxonomy":"category","embeddable":true,"href":"https:\/\/vinasfm.com\/noticias\/wp-json\/wp\/v2\/categories?post=128554"},{"taxonomy":"post_tag","embeddable":true,"href":"https:\/\/vinasfm.com\/noticias\/wp-json\/wp\/v2\/tags?post=128554"}],"curies":[{"name":"wp","href":"https:\/\/api.w.org\/{rel}","templated":true}]}}