{"id":128548,"date":"2023-10-20T09:36:10","date_gmt":"2023-10-20T12:36:10","guid":{"rendered":"https:\/\/vinasfm.com\/noticias\/?p=128548"},"modified":"2023-10-21T10:17:32","modified_gmt":"2023-10-21T13:17:32","slug":"juan-bielli-sera-el-presidente-de-la-liga-sanrafaelina-de-futbol-hasta-febrero-de-2024","status":"publish","type":"post","link":"https:\/\/vinasfm.com\/noticias\/juan-bielli-sera-el-presidente-de-la-liga-sanrafaelina-de-futbol-hasta-febrero-de-2024\/","title":{"rendered":"JUAN BIELLI SER\u00c1 EL PRESIDENTE DE LA LIGA SANRAFAELINA DE F\u00daTBOL HASTA FEBRERO DE 2024"},"content":{"rendered":"<h4><strong>Tras el fallecimiento de Alberto P\u00e9rez Gasul, la Liga Sanrafaelina de F\u00fatbol vivi\u00f3 d\u00edas convulsionados. De hecho, la semana pasada trascendi\u00f3 que el Consejo Federal pidi\u00f3 la intervenci\u00f3n de la entidad impulsando al \u00e1rbitro Andr\u00e9s Merlos como presidente de la mencionada liga. Con el correr de las horas, las aguas se tranquilizaron y se convoc\u00f3 a una reuni\u00f3n que tuvo lugar en la noche del martes. De la misma participaron los distintos consejeros de los clubes, quienes con sensatez y respetando el estatuto decidieron que asuma quien hasta ese entonces era el vicepresidente de la instituci\u00f3n, Juan Enrique Bielli.<\/strong><\/h4>\n<p>\u00abConvoqu\u00e9 a todos los presidentes de los clubes de primera A y B con sus respectivos consejeros para darles precisiones sobre la actualidad de la Liga. Tras el fallecimiento de Alberto P\u00e9rez asum\u00ed como presidente tal cual lo marca Estatuto. El mismo se\u00f1ala que las autoridades tienen la potestad para convocar a asamblea. En ese sentido, se paut\u00f3 tratar este tema en el mes de febrero que es cuando se realiza habitualmente la asamblea general ordinaria de la Liga. Ese d\u00eda se va a elegir presidente y se van a presentar los balances para su aprobaci\u00f3n\u00bb, explic\u00f3\u00a0 Juan Bielli, actual presidente de la Liga Sanrafaelina de F\u00fatbol.<\/p>\n<p>Despu\u00e9s se refiri\u00f3 a la postura que adopt\u00f3 el Consejo Federal, el cual envi\u00f3 una misiva a la entidad tras fracasar en su intento de intervenci\u00f3n y proponer, en un hecho in\u00e9dito, como presidente al \u00e1rbitro Andr\u00e9s Merlos. \u00abMandaron una nota mediante la cual se solicita que expliquemos cu\u00e1l es la situaci\u00f3n institucional que transita la Liga. Entiendo por esto que quieren saber si estamos constituidos legalmente. A la misiva la contest\u00e9 el mi\u00e9rcoles. Me dieron un plazo de 24 horas para contestar. El se\u00f1or Uretra me manifest\u00f3 que su deseo era asumir como vicepresidente, mientras que en su defecto ante la ausencia de Andr\u00e9s Merlos iba a ocupar la presidencia. No encontr\u00e9 fundamento alguno para que se proceda as\u00ed, por lo tanto, la conversaci\u00f3n entre nosotros dur\u00f3 muy poco. No me pareci\u00f3 muy regular ese planteo, por eso convoqu\u00e9 a todos los presidentes y a los consejeros. Me dieron su apoyo de forma un\u00e1nime para que yo siga. Por otra parte, no ten\u00eda sentido hacer dos asambleas en el lapso de un mes, cuando ya est\u00e1 pautada la del mes de febrero\u00bb, sostuvo Bielli.<\/p>\n<p>M\u00e1s tarde, fue consultado si piensa postularse a presidente. \u00abM\u00e1s all\u00e1 del apoyo que recib\u00ed, es algo que quiero pensar. Tengo tiempo para decir. No obstante, soy una persona de bajo perfil y mi manera de trabajar es otra. Mi deseo es que se pongan en funcionamiento todas las comisiones mediante el consenso y el di\u00e1logo\u201d, argument\u00f3 el experimentado dirigente del f\u00fatbol sanrafaelino.<\/p>\n<p>A su vez, coment\u00f3 los avales y requisitos indispensables con lo que deben contar los postulantes a la presidencia. \u00abEl postulante tiene que ser propuesto por un club. Debe ser argentino o naturalizado y mayor de edad con residencia en San Rafael, siempre que no sea miembro de la comisi\u00f3n directiva del club, en tal caso debe renunciar con 60 d\u00edas de antelaci\u00f3n\u00bb, aclar\u00f3.<\/p>\n<p>Para concluir, defini\u00f3 cu\u00e1l es la realidad de la Liga sanrafaelina. \u00abEn lo que refiere a lo institucional y todo el papeler\u00edo, me encontr\u00e9 con una situaci\u00f3n normal. Desde siempre me gust\u00f3 intervenir en esas cuestiones, soy bastante cauteloso en ese sentido. En lo que refiere a la parte econ\u00f3mica, estamos tratando de ponernos al d\u00eda e interioriz\u00e1ndonos sobre la situaci\u00f3n particular de cada club. Estamos trabajando con el tesorero en materia de investigaci\u00f3n. Durante este tiempo voy a tratar de normalizar la Liga con la ayuda del resto de la comisi\u00f3n directiva y del consejo. Me intent\u00e9 comunicar con el Consejo Federal y no he podido. El \u00fanico canal de di\u00e1logo que hubo fue a trav\u00e9s de esa nota intimatoria. De todas formas, cuento con el apoyo del resto de todas las Ligas de Mendoza, conversamos permanentemente con ellos\u00bb, cerr\u00f3.<\/p>\n<p>&nbsp;<\/p>\n","protected":false},"excerpt":{"rendered":"<p>Tras el fallecimiento de Alberto P\u00e9rez Gasul, la Liga Sanrafaelina de F\u00fatbol vivi\u00f3 d\u00edas convulsionados. De hecho, la semana pasada trascendi\u00f3 &#8230;<\/p>\n","protected":false},"author":7,"featured_media":128549,"comment_status":"open","ping_status":"open","sticky":false,"template":"","format":"standard","meta":{"footnotes":""},"categories":[5,3],"tags":[],"class_list":["post-128548","post","type-post","status-publish","format-standard","has-post-thumbnail","hentry","category-actualidad","category-deportes"],"_links":{"self":[{"href":"https:\/\/vinasfm.com\/noticias\/wp-json\/wp\/v2\/posts\/128548","targetHints":{"allow":["GET"]}}],"collection":[{"href":"https:\/\/vinasfm.com\/noticias\/wp-json\/wp\/v2\/posts"}],"about":[{"href":"https:\/\/vinasfm.com\/noticias\/wp-json\/wp\/v2\/types\/post"}],"author":[{"embeddable":true,"href":"https:\/\/vinasfm.com\/noticias\/wp-json\/wp\/v2\/users\/7"}],"replies":[{"embeddable":true,"href":"https:\/\/vinasfm.com\/noticias\/wp-json\/wp\/v2\/comments?post=128548"}],"version-history":[{"count":1,"href":"https:\/\/vinasfm.com\/noticias\/wp-json\/wp\/v2\/posts\/128548\/revisions"}],"predecessor-version":[{"id":128550,"href":"https:\/\/vinasfm.com\/noticias\/wp-json\/wp\/v2\/posts\/128548\/revisions\/128550"}],"wp:featuredmedia":[{"embeddable":true,"href":"https:\/\/vinasfm.com\/noticias\/wp-json\/wp\/v2\/media\/128549"}],"wp:attachment":[{"href":"https:\/\/vinasfm.com\/noticias\/wp-json\/wp\/v2\/media?parent=128548"}],"wp:term":[{"taxonomy":"category","embeddable":true,"href":"https:\/\/vinasfm.com\/noticias\/wp-json\/wp\/v2\/categories?post=128548"},{"taxonomy":"post_tag","embeddable":true,"href":"https:\/\/vinasfm.com\/noticias\/wp-json\/wp\/v2\/tags?post=128548"}],"curies":[{"name":"wp","href":"https:\/\/api.w.org\/{rel}","templated":true}]}}