{"id":128529,"date":"2023-10-19T11:23:12","date_gmt":"2023-10-19T14:23:12","guid":{"rendered":"https:\/\/vinasfm.com\/noticias\/?p=128529"},"modified":"2023-10-20T10:01:11","modified_gmt":"2023-10-20T13:01:11","slug":"elecciones-2023-de-cuanto-es-la-multa-por-no-votar-y-hasta-cuando-se-puede-pagar","status":"publish","type":"post","link":"https:\/\/vinasfm.com\/noticias\/elecciones-2023-de-cuanto-es-la-multa-por-no-votar-y-hasta-cuando-se-puede-pagar\/","title":{"rendered":"ELECCIONES 2023: DE CU\u00c1NTO ES LA MULTA POR NO VOTAR Y HASTA CU\u00c1NDO SE PUEDE PAGAR"},"content":{"rendered":"<p class=\"news-headline__article-summary\"><strong>Las sanciones dependen de si est\u00e1s o no dentro del grupo que no vota por razones justificadas. Te explicamos c\u00f3mo tramitar el certificado para evitar la multa.<\/strong><\/p>\n<article class=\"article-body article-body--first-paragraph\" data-td-script-src=\"https:\/\/www.sitioandino.com.ar\/td\/modulos\/encuestas\/js\/function-embeds-min-version-1661266695.js\">Este domingo se llevar\u00e1 a cabo en todo el pa\u00eds las\u00a0<strong>elecciones 2023<\/strong>, para elegir presidente y vice y otras categor\u00edas, dependiendo las provincias. Como las anteriores,\u00a0estas elecciones son obligatorias\u00a0para gran parte de la sociedad y quienes incumplan con este deber tendr\u00e1n que justificarlo.<\/article>\n<article class=\"article-body article-body--second-paragraph\">Por eso,\u00a0<strong>la C\u00e1mara Nacional Electoral establece sanciones para quienes incumplan con su deber de votar en las elecciones generales presidenciales.<\/strong>Si bien el voto es obligatorio, hay algunos casos en que se except\u00faa la obligaci\u00f3n de emitir el sufragio y no son pasible de multas; en otros casos por razones de viaje, de salud, o lo que fuere, hay personas que se ven imposibilitadas de concurrir.<\/p>\n<h2>\u00bfPara qui\u00e9nes es obligatorio votar en las elecciones 2023 seg\u00fan la C\u00e1mara Electoral?<\/h2>\n<p>Seg\u00fan la C\u00e1mara Electoral, el voto es obligatorio para todos los ciudadanos y ciudadanas habilitados, a excepci\u00f3n de los j\u00f3venes de 16 y 17 a\u00f1os y los mayores de 70.<\/p>\n<p>Adem\u00e1s, la excepci\u00f3n de multa rige para quienes el d\u00eda de la elecci\u00f3n se encuentren a m\u00e1s de 500 kil\u00f3metros de la mesa en que les corresponda votar, y los que estuvieren enfermos o imposibilitados f\u00edsicamente, o que, por razones de fuerza mayor debidamente comprobadas, les impida concurrir al comicio.<\/p>\n<p>En el primero de los casos, se deber\u00e1 concurrir a la comisar\u00eda m\u00e1s pr\u00f3xima de donde se encuentra la persona y solicitar una certificaci\u00f3n escrita que justifique la imposibilidad de votar. En el segundo, se deber\u00e1 contar con el certificado m\u00e9dico (si es por razones de salud) o administrativo (por fuerza mayor).<\/p>\n<h2>\u00bfQu\u00e9 pasa si no tengo el DNI?<\/h2>\n<p>En el que caso de no tener su DNI al momento de la elecci\u00f3n y poder obtener los certificados excusatorios, la Direcci\u00f3n del Registro Civil de Mendoza inform\u00f3 qu\u00e9 deben hacer los ciudadanos y ciudadanas<\/p>\n<p>Para tramitar el certificado excusatorio, se debe ingresar, el mismo d\u00eda de las elecciones, a este sitio y gestionar el documento para justificar la inasistencia a la votaci\u00f3n.<\/p>\n<h2>\u00bfQu\u00e9 estipula el C\u00f3digo Nacional Electoral en caso de no emitir el voto en las elecciones 2023?<\/h2>\n<p>El C\u00f3digo Nacional Electoral, en su art\u00edculo 125 sobre faltas electorales, establece una multa de $50 a $500 para los electores de 18 a 70 a\u00f1os que no emitan su voto y no justifiquen su ausencia ante la Justicia Nacional Electoral en un plazo de 60 d\u00edas despu\u00e9s de la elecci\u00f3n respectiva.<\/p>\n<h2>\u00bfQu\u00e9 sucede si no se paga la multa por no votar en las elecciones 2023?<\/h2>\n<p>Aquellos que no paguen la multa por no haber votado ser\u00e1n registrados como infractores, lo que implica restricciones en la realizaci\u00f3n de tr\u00e1mites durante un a\u00f1o, como la obtenci\u00f3n del pasaporte, y la imposibilidad de ser designados para funciones o empleos p\u00fablicos durante tres a\u00f1os a partir de la elecci\u00f3n.<\/p>\n<h2>\u00bfCu\u00e1l es el plazo para justificar la ausencia de voto en las elecciones 2023 ante la Justicia Nacional Electoral?<\/h2>\n<p>Seg\u00fan el art\u00edculo 125 del C\u00f3digo Nacional Electoral, la justificaci\u00f3n ante la Justicia Nacional Electoral debe realizarse dentro de los sesenta d\u00edas posteriores a la elecci\u00f3n correspondiente.<\/p>\n<\/article>\n","protected":false},"excerpt":{"rendered":"<p>Las sanciones dependen de si est\u00e1s o no dentro del grupo que no vota por razones justificadas. Te explicamos c\u00f3mo tramitar &#8230;<\/p>\n","protected":false},"author":7,"featured_media":128530,"comment_status":"open","ping_status":"open","sticky":false,"template":"","format":"standard","meta":{"footnotes":""},"categories":[5,23],"tags":[],"class_list":["post-128529","post","type-post","status-publish","format-standard","has-post-thumbnail","hentry","category-actualidad","category-elecciones"],"_links":{"self":[{"href":"https:\/\/vinasfm.com\/noticias\/wp-json\/wp\/v2\/posts\/128529","targetHints":{"allow":["GET"]}}],"collection":[{"href":"https:\/\/vinasfm.com\/noticias\/wp-json\/wp\/v2\/posts"}],"about":[{"href":"https:\/\/vinasfm.com\/noticias\/wp-json\/wp\/v2\/types\/post"}],"author":[{"embeddable":true,"href":"https:\/\/vinasfm.com\/noticias\/wp-json\/wp\/v2\/users\/7"}],"replies":[{"embeddable":true,"href":"https:\/\/vinasfm.com\/noticias\/wp-json\/wp\/v2\/comments?post=128529"}],"version-history":[{"count":2,"href":"https:\/\/vinasfm.com\/noticias\/wp-json\/wp\/v2\/posts\/128529\/revisions"}],"predecessor-version":[{"id":128532,"href":"https:\/\/vinasfm.com\/noticias\/wp-json\/wp\/v2\/posts\/128529\/revisions\/128532"}],"wp:featuredmedia":[{"embeddable":true,"href":"https:\/\/vinasfm.com\/noticias\/wp-json\/wp\/v2\/media\/128530"}],"wp:attachment":[{"href":"https:\/\/vinasfm.com\/noticias\/wp-json\/wp\/v2\/media?parent=128529"}],"wp:term":[{"taxonomy":"category","embeddable":true,"href":"https:\/\/vinasfm.com\/noticias\/wp-json\/wp\/v2\/categories?post=128529"},{"taxonomy":"post_tag","embeddable":true,"href":"https:\/\/vinasfm.com\/noticias\/wp-json\/wp\/v2\/tags?post=128529"}],"curies":[{"name":"wp","href":"https:\/\/api.w.org\/{rel}","templated":true}]}}