{"id":128483,"date":"2023-10-18T11:44:53","date_gmt":"2023-10-18T14:44:53","guid":{"rendered":"https:\/\/vinasfm.com\/noticias\/?p=128483"},"modified":"2023-10-19T10:31:47","modified_gmt":"2023-10-19T13:31:47","slug":"alergias-estacionales-que-son-y-como-se-pueden-evitar","status":"publish","type":"post","link":"https:\/\/vinasfm.com\/noticias\/alergias-estacionales-que-son-y-como-se-pueden-evitar\/","title":{"rendered":"ALERGIAS ESTACIONALES: \u00bfQU\u00c9 SON Y C\u00d3MO SE PUEDEN EVITAR?"},"content":{"rendered":"<p><span style=\"color: #000000;\"><strong>Las alergias pueden provocar muchos s\u00edntomas, pero no en todas las personas se manifiesta de la misma manera.<\/strong><\/span><\/p>\n<p><span style=\"color: #000000;\">La llegada de la primavera est\u00e1 estrechamente relacionada al aumento de las alergias estacionales. Esto se debe a que la primavera es el momento en que muchas plantas, \u00e1rboles y flores comienzan a liberar polen en el aire como parte de su proceso reproductivo. El polen es uno de los al\u00e9rgenos m\u00e1s comunes que desencadenan reacciones al\u00e9rgicas en las personas sensibles. A medida que las temperaturas se vuelven m\u00e1s c\u00e1lidas y los d\u00edas se alargan en primavera, la cantidad de polen en el aire aumenta significativamente.<\/span><\/p>\n<p><span style=\"color: #000000;\">La alergia es una reacci\u00f3n exagerada del organismo ante una sustancia que reconoce como extra\u00f1a y da\u00f1ina desencadenando una serie de s\u00edntomas caracter\u00edsticos denominados como \u201creacci\u00f3n al\u00e9rgica\u201c.\u00a0<\/span><\/p>\n<aside class=\"htmlinline\"><\/aside>\n<p><span style=\"color: #000000;\">Ante la presencia del agente extra\u00f1o, el organismo genera anticuerpos que producen liberaci\u00f3n de histamina la cual provoca los s\u00edntomas presentes en las alergias. Estas reacciones pueden quedar limitadas a una peque\u00f1a \u00e1rea del cuerpo o\u00a0afectarlo sist\u00e9micamente.\u00a0<strong><em>\u201cLas alergias se producen por una abrupta liberaci\u00f3n de mediadores inflamatorios y que son los primeros causantes de los s\u00edntomas que experimentan los pacientes\u201d,<\/em><\/strong> menciona la\u00a0Dra. Valeria El Haj, Directora M\u00e9dica Nacional de OSPEDYC.<\/span><\/p>\n<p><span style=\"color: #000000;\">La Organizaci\u00f3n Mundial de la Salud\u00a0estima que un 20% de la poblaci\u00f3n en el mundo padece una o m\u00e1s alergias y seg\u00fan datos predictivos de la Organizaci\u00f3n Mundial de la Alergia se considera que en la actualidad m\u00e1s de 400 millones de personas en todo el mundo padecen alg\u00fan tipo de enfermedad al\u00e9rgica.<\/span><\/p>\n<aside class=\"htmlinline\"><\/aside>\n<p><span style=\"color: #000000;\">Las alergias pueden provocar muchos s\u00edntomas, pero no en todas las personas se manifiesta de la misma manera. Asimismo, pueden afectar distintas partes del cuerpo como el aparato digestivo,-intolerancia a ciertos alimentos como la leche y el huevo-, el aparato respiratorio -por la presencia de\u00a0\u00e1caros,\u00a0 polen o las picaduras de algunos insectos-, y tambi\u00e9n la piel puede verse afectada -al entrar en contacto con materiales que el cuerpo rechaza-, que pueden provocar sarpullidos, enrojecimiento de la piel e incluso algunas ulceraciones que, de no ser debidamente tratadas, pueden provocar mayores complicaciones.<\/span><\/p>\n<h2><span style=\"color: #000000;\">Las reacciones al\u00e9rgicas m\u00e1s fuertes<\/span><\/h2>\n<p><span style=\"color: #000000;\">Entre las reacciones al\u00e9rgicas m\u00e1s preocupantes se encuentran la crisis de broncoespasmo, causada por una inflamaci\u00f3n de las v\u00edas respiratorias peque\u00f1as, y la anafilaxia, una reacci\u00f3n al\u00e9rgica grave que afecta a todo el organismo y requiere atenci\u00f3n m\u00e9dica urgente.\u00a0<em><strong>\u201cLas m\u00e1s comunes son la conjuntivitis, la rinitis y la urticaria o dermatitis\u201d<\/strong><\/em>,\u00a0explica\u00a0la profesional de OSPEDYC.\u00a0<\/span><\/p>\n<p><span style=\"color: #000000;\">La conjuntivitis al\u00e9rgica se produce cuando la capa transparente de tejido que recubre los p\u00e1rpados se inflama debido al contacto con alguna sustancia alerg\u00e9nica. Algunos de sus s\u00edntomas son picaz\u00f3n, ojos rojos, secreciones acuosas o mucosas en la zona afectada y sensaci\u00f3n de molestia.<\/span><\/p>\n<p><span style=\"color: #000000;\">La rinitis al\u00e9rgica\u00a0se produce cuando se inflama la mucosa nasal y puede ser estacional o perdurar en el tiempo. Los s\u00edntomas se manifiestan poco despu\u00e9s de entrar en contacto con ciertas sustancias como, por ejemplo, polen, polvo o moho y van desde picaz\u00f3n en la nariz, la boca o en cualquier \u00e1rea, ojos llorosos y estornudos hasta goteo, dolor de cabeza, congesti\u00f3n y obstrucci\u00f3n nasal.\u00a0<\/span><\/p>\n<p><span style=\"color: #000000;\">La\u00a0urticaria o dermatitis afecta la piel.\u00a0Se trata de ronchas rojizas, elevadas y a menudo pruriginosas que aparecen en la superficie de la piel como reacci\u00f3n al\u00e9rgica a ciertos alimentos y medicamentos o por el contacto con sustancias alerg\u00e9nicas, la exposici\u00f3n extrema al fr\u00edo o al sol, entre otras causas.<\/span><\/p>\n<p><span style=\"color: #000000;\"><em><strong>\u201cPara saber si una persona puede ser al\u00e9rgica a alguna sustancia existen una serie de pruebas. Las\u00a0pruebas cut\u00e1neas\u00a0son el m\u00e9todo m\u00e1s com\u00fan para detectar alergias, siempre acompa\u00f1\u00e1ndose de un examen de laboratorio (hemograma) para determinar la IgE y los niveles de eosin\u00f3filos\u201d<\/strong><\/em>,\u00a0explica la\u00a0Dra. El Haj.<\/span><\/p>\n<h2><span style=\"color: #000000;\">Recomendaciones para evitar las alergias<\/span><\/h2>\n<ul>\n<li><span style=\"color: #000000;\">Mantener la higiene del hogar y reducir el polvo.\u00a0<\/span><\/li>\n<li><span style=\"color: #000000;\">Usar colchones y ropa de cama sint\u00e9tica.<\/span><\/li>\n<li><span style=\"color: #000000;\">Las personas predispuestas deben evitar la exposici\u00f3n al polen de las plantas\u00a0y los animales, as\u00ed como tambi\u00e9n, evitar la exposici\u00f3n o utilizaci\u00f3n de irritantes o al\u00e9rgenos conocidos.<\/span><\/li>\n<li><span style=\"color: #000000;\">No consumir medicamentos sin receta m\u00e9dica.<\/span><\/li>\n<li><span style=\"color: #000000;\">Si existe la sospecha de que alg\u00fan factor en el ambiente genera alergia, tratar de evitarlo o eliminarlo por completo.\u00a0<\/span><\/li>\n<li><span style=\"color: #000000;\">Realizar controles habituales con un m\u00e9dico de cabecera.\u00a0<\/span><\/li>\n<li><span style=\"color: #000000;\">Evitar la pr\u00e1ctica de ejercicios de alto impacto durante la \u00e9poca de polinizaci\u00f3n, ya que en personas que padecen de asma, esto puede causar serios trastornos al sistema respiratorio.<\/span><\/li>\n<li><span style=\"color: #000000;\">Es necesario cambiar la dieta, en el caso de pacientes que presentan intolerancia a ciertos alimentos, sustituyendo los mismos por aquellos que no representen un mayor riesgo a la salud.<\/span><\/li>\n<\/ul>\n<p><span style=\"color: #000000;\"><em><strong>\u201cSi bien se pueden tomar medidas para evitar las alergias, siempre es importante consultar con un profesional de la salud las indicaciones para tratar este tipo de patolog\u00edas. Un m\u00e9dico puede asesorar al paciente y sugerirle alg\u00fan medicamento con corticoides o descongestionantes (tipo de antihistam\u00ednico) que puede reducir la congesti\u00f3n\u201d<\/strong><\/em>, concluye\u00a0la Dra. El Haj<\/span><\/p>\n","protected":false},"excerpt":{"rendered":"<p>Las alergias pueden provocar muchos s\u00edntomas, pero no en todas las personas se manifiesta de la misma manera. La llegada de &#8230;<\/p>\n","protected":false},"author":7,"featured_media":128484,"comment_status":"open","ping_status":"open","sticky":false,"template":"","format":"standard","meta":{"footnotes":""},"categories":[5,15],"tags":[],"class_list":["post-128483","post","type-post","status-publish","format-standard","has-post-thumbnail","hentry","category-actualidad","category-salud"],"_links":{"self":[{"href":"https:\/\/vinasfm.com\/noticias\/wp-json\/wp\/v2\/posts\/128483","targetHints":{"allow":["GET"]}}],"collection":[{"href":"https:\/\/vinasfm.com\/noticias\/wp-json\/wp\/v2\/posts"}],"about":[{"href":"https:\/\/vinasfm.com\/noticias\/wp-json\/wp\/v2\/types\/post"}],"author":[{"embeddable":true,"href":"https:\/\/vinasfm.com\/noticias\/wp-json\/wp\/v2\/users\/7"}],"replies":[{"embeddable":true,"href":"https:\/\/vinasfm.com\/noticias\/wp-json\/wp\/v2\/comments?post=128483"}],"version-history":[{"count":1,"href":"https:\/\/vinasfm.com\/noticias\/wp-json\/wp\/v2\/posts\/128483\/revisions"}],"predecessor-version":[{"id":128485,"href":"https:\/\/vinasfm.com\/noticias\/wp-json\/wp\/v2\/posts\/128483\/revisions\/128485"}],"wp:featuredmedia":[{"embeddable":true,"href":"https:\/\/vinasfm.com\/noticias\/wp-json\/wp\/v2\/media\/128484"}],"wp:attachment":[{"href":"https:\/\/vinasfm.com\/noticias\/wp-json\/wp\/v2\/media?parent=128483"}],"wp:term":[{"taxonomy":"category","embeddable":true,"href":"https:\/\/vinasfm.com\/noticias\/wp-json\/wp\/v2\/categories?post=128483"},{"taxonomy":"post_tag","embeddable":true,"href":"https:\/\/vinasfm.com\/noticias\/wp-json\/wp\/v2\/tags?post=128483"}],"curies":[{"name":"wp","href":"https:\/\/api.w.org\/{rel}","templated":true}]}}