{"id":128480,"date":"2023-10-18T11:16:58","date_gmt":"2023-10-18T14:16:58","guid":{"rendered":"https:\/\/vinasfm.com\/noticias\/?p=128480"},"modified":"2023-10-19T10:32:08","modified_gmt":"2023-10-19T13:32:08","slug":"paritarias-el-gobierno-dio-a-conocer-cuando-se-reunira-con-los-gremios-estatales","status":"publish","type":"post","link":"https:\/\/vinasfm.com\/noticias\/paritarias-el-gobierno-dio-a-conocer-cuando-se-reunira-con-los-gremios-estatales\/","title":{"rendered":"PARITARIAS: EL GOBIERNO DIO A CONOCER CU\u00c1NDO SE REUNIR\u00c1 CON LOS GREMIOS ESTATALES"},"content":{"rendered":"<p><span style=\"color: #000000;\"><strong>Tal como estaba pactado, la mesa de revisi\u00f3n de octubre comenzar\u00e1 esta semana. Los trabajadores de la educaci\u00f3n ser\u00e1n los primeros, mientras que cerrar\u00e1 el sindicato de la salud.<\/strong><\/span><\/p>\n<p><span style=\"color: #000000;\">El\u00a0<strong>Gobierno\u00a0<\/strong>dio a conocer finalmente este mi\u00e9rcoles el calendario de las\u00a0<strong>mesas paritarias<\/strong>\u00a0que mantendr\u00e1 con los<strong>\u00a0gremios estatales<\/strong>\u00a0con el objetivo de definir los aumentos salariales para el sector.<\/span><\/p>\n<p><span style=\"color: #000000;\">Los primeros en sentarse cara a cara con el ejecutivo ser\u00e1 el Sindicato Unido de Trabajadores de la Educaci\u00f3n (SUTE) este jueves a las 9 y continuar\u00e1 el viernes con los empleados judiciales.<\/span><\/p>\n<p><span style=\"color: #000000;\">En tanto, el lunes ser\u00e1 el turno de la Asociaci\u00f3n de Trabajadores del Estado (ATE) incluidos en el r\u00e9gimen 5 y 15 de la salud, mientras que el martes tendr\u00e1n su reuni\u00f3n los Guardaparques.<\/span><\/p>\n<aside class=\"scaip scaip-1 \"><\/aside>\n<p><span style=\"color: #000000;\">Finalmente, la Asociaci\u00f3n Mendocina de Profesionales de la Salud (Ampros) cerrar\u00e1 el cronograma el pr\u00f3ximo jueves.<\/span><\/p>\n<p><span style=\"color: #000000;\">En la \u00faltima paritaria, que se firm\u00f3 en julio, se estipul\u00f3 que en octubre se reunir\u00edan nuevamente para analizar los aumentos pactados. En aquel entonces se incluy\u00f3 un incremento del 10,5% en junio, 8% en julio, 14% en agosto, 8% en septiembre y 8% en octubre.<\/span><\/p>\n<p><span style=\"color: #000000;\">Entre medio, los datos de inflaci\u00f3n de agosto y septiembre, la devaluaci\u00f3n del 22% y el vertiginoso incremento del d\u00f3lar blue llevan a especular que los gremios exigir\u00e1n una importante recomposici\u00f3n salarial.<\/span><\/p>\n<p><span style=\"color: #000000;\">D\u00edas atr\u00e1s, la secretaria general de Ampros, Claudia Iturbe, hab\u00eda se\u00f1alado que <em><strong>\u201ces vital lograr discusiones propositivas y evaluar el impacto salarial de los meses de agosto y septiembre para el recurso humano cr\u00edtico, como lo son los profesionales de la salud, debatiendo y acordando pol\u00edticas necesarias para el sostenimiento del recurso humano en la provincia de Mendoza\u201d<\/strong><\/em> y hab\u00eda pedido que se aplicara una cl\u00e1usula gatillo para que los sueldos se acoplen de forma inmediata al ritmo inflacionario.<\/span><\/p>\n<p><span style=\"color: #000000;\">En tanto desde Asociaci\u00f3n de Trabajadores del Estado (ATE) expresaron que en la paritaria no s\u00f3lo se buscar\u00e1 recomponer lo perdido en la negociaci\u00f3n anterior, sino que tambi\u00e9n van a <strong><em>\u201cdiscutir el aumento salarial de octubre, de noviembre y de diciembre, pero tampoco podemos dejar de discutir lo que ser\u00e1 el mes de enero y febrero\u201c.<\/em><\/strong><\/span><\/p>\n","protected":false},"excerpt":{"rendered":"<p>Tal como estaba pactado, la mesa de revisi\u00f3n de octubre comenzar\u00e1 esta semana. Los trabajadores de la educaci\u00f3n ser\u00e1n los primeros, &#8230;<\/p>\n","protected":false},"author":7,"featured_media":128481,"comment_status":"open","ping_status":"open","sticky":false,"template":"","format":"standard","meta":{"footnotes":""},"categories":[5,172],"tags":[],"class_list":["post-128480","post","type-post","status-publish","format-standard","has-post-thumbnail","hentry","category-actualidad","category-paritarias"],"_links":{"self":[{"href":"https:\/\/vinasfm.com\/noticias\/wp-json\/wp\/v2\/posts\/128480","targetHints":{"allow":["GET"]}}],"collection":[{"href":"https:\/\/vinasfm.com\/noticias\/wp-json\/wp\/v2\/posts"}],"about":[{"href":"https:\/\/vinasfm.com\/noticias\/wp-json\/wp\/v2\/types\/post"}],"author":[{"embeddable":true,"href":"https:\/\/vinasfm.com\/noticias\/wp-json\/wp\/v2\/users\/7"}],"replies":[{"embeddable":true,"href":"https:\/\/vinasfm.com\/noticias\/wp-json\/wp\/v2\/comments?post=128480"}],"version-history":[{"count":1,"href":"https:\/\/vinasfm.com\/noticias\/wp-json\/wp\/v2\/posts\/128480\/revisions"}],"predecessor-version":[{"id":128482,"href":"https:\/\/vinasfm.com\/noticias\/wp-json\/wp\/v2\/posts\/128480\/revisions\/128482"}],"wp:featuredmedia":[{"embeddable":true,"href":"https:\/\/vinasfm.com\/noticias\/wp-json\/wp\/v2\/media\/128481"}],"wp:attachment":[{"href":"https:\/\/vinasfm.com\/noticias\/wp-json\/wp\/v2\/media?parent=128480"}],"wp:term":[{"taxonomy":"category","embeddable":true,"href":"https:\/\/vinasfm.com\/noticias\/wp-json\/wp\/v2\/categories?post=128480"},{"taxonomy":"post_tag","embeddable":true,"href":"https:\/\/vinasfm.com\/noticias\/wp-json\/wp\/v2\/tags?post=128480"}],"curies":[{"name":"wp","href":"https:\/\/api.w.org\/{rel}","templated":true}]}}