{"id":128462,"date":"2023-10-18T09:58:03","date_gmt":"2023-10-18T12:58:03","guid":{"rendered":"https:\/\/vinasfm.com\/noticias\/?p=128462"},"modified":"2023-10-18T09:58:03","modified_gmt":"2023-10-18T12:58:03","slug":"alerta-de-zonda-y-posible-granizo-en-estos-departamentos-de-mendoza","status":"publish","type":"post","link":"https:\/\/vinasfm.com\/noticias\/alerta-de-zonda-y-posible-granizo-en-estos-departamentos-de-mendoza\/","title":{"rendered":"ALERTA DE ZONDA Y POSIBLE GRANIZO EN ESTOS DEPARTAMENTOS DE MENDOZA"},"content":{"rendered":"<p><strong><span style=\"color: #000000;\">Aunque las posibilidades de precipitaciones son reducidas, Defensa Civil no descarta la presencia del fen\u00f3meno meteorol\u00f3gico.<\/span><\/strong><\/p>\n<p><span style=\"color: #000000;\">El viento\u00a0Zonda\u00a0y la\u00a0lluvia\u00a0afectar\u00e1n a distintos departamentos de\u00a0Mendoza\u00a0la tarde y noche de este mi\u00e9rcoles, seg\u00fan el reporte meteorol\u00f3gico de Defensa Civil. Adem\u00e1s, advirtieron que hay probabilidad de ca\u00edda de\u00a0granizo\u00a0en tres zonas de la provincia.<\/span><\/p>\n<p><span style=\"color: #000000;\"><strong><em>\u201cLeve efecto Zonda en Malarg\u00fce y el Valle de Uspallata\u00a0durante la tarde, acompa\u00f1ado de vientos moderados desde el Sudeste que afectar\u00e1n San Rafael, General Alvear, Valle de Uco, zona Este y el Gran Mendoza a partir de la tarde y hasta la noche\u201d<\/em><\/strong>, inform\u00f3 el organismo a partir de los datos de radares meteorol\u00f3gicos.<\/span><\/p>\n<p><span style=\"color: #000000;\">A su vez, precisaron que los n\u00facleos de nubosidad son d\u00e9biles y no est\u00e1n asociados a precipitaciones, hasta el momento, pero no se descarta que llueva.<\/span><\/p>\n<p><span style=\"color: #000000;\"><strong><em>\u201cSe prev\u00e9 que esta nubosidad se extienda y aumente la probabilidad de lluvias, principalmente en el Sur de la provincia, Gral. Alvear, San Rafael y zona Este, con posibles afectaciones en el Valle de Uco\u201d<\/em><\/strong>, detall\u00f3 Defensa Civil.<\/span><\/p>\n<p>Adem\u00e1s, existen posibilidades de lluvias en el Gran Mendoza durante la noche y, en menor medida, se estima que podr\u00eda caer granizo en el Sur del Gran Mendoza, Tupungato y Luj\u00e1n.<\/p>\n","protected":false},"excerpt":{"rendered":"<p>Aunque las posibilidades de precipitaciones son reducidas, Defensa Civil no descarta la presencia del fen\u00f3meno meteorol\u00f3gico. El viento\u00a0Zonda\u00a0y la\u00a0lluvia\u00a0afectar\u00e1n a distintos &#8230;<\/p>\n","protected":false},"author":7,"featured_media":128463,"comment_status":"open","ping_status":"open","sticky":false,"template":"","format":"standard","meta":{"footnotes":""},"categories":[1],"tags":[],"class_list":["post-128462","post","type-post","status-publish","format-standard","has-post-thumbnail","hentry","category-fmvinas"],"_links":{"self":[{"href":"https:\/\/vinasfm.com\/noticias\/wp-json\/wp\/v2\/posts\/128462","targetHints":{"allow":["GET"]}}],"collection":[{"href":"https:\/\/vinasfm.com\/noticias\/wp-json\/wp\/v2\/posts"}],"about":[{"href":"https:\/\/vinasfm.com\/noticias\/wp-json\/wp\/v2\/types\/post"}],"author":[{"embeddable":true,"href":"https:\/\/vinasfm.com\/noticias\/wp-json\/wp\/v2\/users\/7"}],"replies":[{"embeddable":true,"href":"https:\/\/vinasfm.com\/noticias\/wp-json\/wp\/v2\/comments?post=128462"}],"version-history":[{"count":1,"href":"https:\/\/vinasfm.com\/noticias\/wp-json\/wp\/v2\/posts\/128462\/revisions"}],"predecessor-version":[{"id":128464,"href":"https:\/\/vinasfm.com\/noticias\/wp-json\/wp\/v2\/posts\/128462\/revisions\/128464"}],"wp:featuredmedia":[{"embeddable":true,"href":"https:\/\/vinasfm.com\/noticias\/wp-json\/wp\/v2\/media\/128463"}],"wp:attachment":[{"href":"https:\/\/vinasfm.com\/noticias\/wp-json\/wp\/v2\/media?parent=128462"}],"wp:term":[{"taxonomy":"category","embeddable":true,"href":"https:\/\/vinasfm.com\/noticias\/wp-json\/wp\/v2\/categories?post=128462"},{"taxonomy":"post_tag","embeddable":true,"href":"https:\/\/vinasfm.com\/noticias\/wp-json\/wp\/v2\/tags?post=128462"}],"curies":[{"name":"wp","href":"https:\/\/api.w.org\/{rel}","templated":true}]}}