{"id":128454,"date":"2023-10-18T09:42:28","date_gmt":"2023-10-18T12:42:28","guid":{"rendered":"https:\/\/vinasfm.com\/noticias\/?p=128454"},"modified":"2023-10-19T08:56:51","modified_gmt":"2023-10-19T11:56:51","slug":"el-paseo-del-artesano-brillo-durante-el-fin-de-semana","status":"publish","type":"post","link":"https:\/\/vinasfm.com\/noticias\/el-paseo-del-artesano-brillo-durante-el-fin-de-semana\/","title":{"rendered":"EL PASEO DEL ARTESANO BRILL\u00d3 DURANTE EL FIN DE SEMANA"},"content":{"rendered":"<p><strong><span style=\"color: #000000;\">El Municipio celebr\u00f3 el D\u00eda de la Madre en el Paseo del Artesano, con un show musical y clases de tango.<\/span><\/strong><\/p>\n<p><span style=\"color: #000000;\">Como es costumbre, los artesanos alvearenses se hicieron presentes en el paseo ubicado sobre Av. Alvear Este para ofrecer sus productos y creaciones. Sonia, un productora local, se\u00f1al\u00f3 que <em><strong>\u201cestos eventos ayudan a potenciar las ventas de los productores menores y resulta muy atractivo para quienes asisten a este lugar en busca de un domingo distinto\u201d.<\/strong><\/em><\/span><\/p>\n<p><a href=\"https:\/\/vinasfm.com\/noticias\/wp-content\/uploads\/2023\/10\/WhatsApp-Image-2023-10-17-at-11.03.56-1.jpeg\"><img loading=\"lazy\" decoding=\"async\" class=\"alignnone wp-image-128456\" src=\"https:\/\/vinasfm.com\/noticias\/wp-content\/uploads\/2023\/10\/WhatsApp-Image-2023-10-17-at-11.03.56-1-1024x577.jpeg\" alt=\"\" width=\"350\" height=\"197\" srcset=\"https:\/\/vinasfm.com\/noticias\/wp-content\/uploads\/2023\/10\/WhatsApp-Image-2023-10-17-at-11.03.56-1-1024x577.jpeg 1024w, https:\/\/vinasfm.com\/noticias\/wp-content\/uploads\/2023\/10\/WhatsApp-Image-2023-10-17-at-11.03.56-1-300x169.jpeg 300w, https:\/\/vinasfm.com\/noticias\/wp-content\/uploads\/2023\/10\/WhatsApp-Image-2023-10-17-at-11.03.56-1-768x432.jpeg 768w, https:\/\/vinasfm.com\/noticias\/wp-content\/uploads\/2023\/10\/WhatsApp-Image-2023-10-17-at-11.03.56-1-1536x865.jpeg 1536w, https:\/\/vinasfm.com\/noticias\/wp-content\/uploads\/2023\/10\/WhatsApp-Image-2023-10-17-at-11.03.56-1-750x420.jpeg 750w, https:\/\/vinasfm.com\/noticias\/wp-content\/uploads\/2023\/10\/WhatsApp-Image-2023-10-17-at-11.03.56-1-1140x641.jpeg 1140w, https:\/\/vinasfm.com\/noticias\/wp-content\/uploads\/2023\/10\/WhatsApp-Image-2023-10-17-at-11.03.56-1.jpeg 1600w\" sizes=\"auto, (max-width: 350px) 100vw, 350px\" \/><\/a> <a href=\"https:\/\/vinasfm.com\/noticias\/wp-content\/uploads\/2023\/10\/WhatsApp-Image-2023-10-17-at-11.03.59.jpeg\"><img loading=\"lazy\" decoding=\"async\" class=\"alignnone wp-image-128457\" src=\"https:\/\/vinasfm.com\/noticias\/wp-content\/uploads\/2023\/10\/WhatsApp-Image-2023-10-17-at-11.03.59.jpeg\" alt=\"\" width=\"350\" height=\"197\" srcset=\"https:\/\/vinasfm.com\/noticias\/wp-content\/uploads\/2023\/10\/WhatsApp-Image-2023-10-17-at-11.03.59.jpeg 1600w, https:\/\/vinasfm.com\/noticias\/wp-content\/uploads\/2023\/10\/WhatsApp-Image-2023-10-17-at-11.03.59-300x169.jpeg 300w, https:\/\/vinasfm.com\/noticias\/wp-content\/uploads\/2023\/10\/WhatsApp-Image-2023-10-17-at-11.03.59-1024x577.jpeg 1024w, https:\/\/vinasfm.com\/noticias\/wp-content\/uploads\/2023\/10\/WhatsApp-Image-2023-10-17-at-11.03.59-768x432.jpeg 768w, https:\/\/vinasfm.com\/noticias\/wp-content\/uploads\/2023\/10\/WhatsApp-Image-2023-10-17-at-11.03.59-1536x865.jpeg 1536w, https:\/\/vinasfm.com\/noticias\/wp-content\/uploads\/2023\/10\/WhatsApp-Image-2023-10-17-at-11.03.59-750x420.jpeg 750w, https:\/\/vinasfm.com\/noticias\/wp-content\/uploads\/2023\/10\/WhatsApp-Image-2023-10-17-at-11.03.59-1140x641.jpeg 1140w\" sizes=\"auto, (max-width: 350px) 100vw, 350px\" \/><\/a><\/p>\n<p><span style=\"color: #000000;\">Durante el fin de semana, General Alvear recibi\u00f3 a decenas de turistas que le dieron una oportunidad a nuestra cultura. Maria, oriunda de Ciolletti quien naci\u00f3 en General Alvear, sostuvo que <em><strong>\u201ces muy lindo volver a Alvear despu\u00e9s de tanto tiempo y ver c\u00f3mo ha crecido. Regresar a mi tierra hace me reencuentre con familiares y mis ra\u00edces\u201d.<\/strong><\/em><\/span><\/p>\n<p><a href=\"https:\/\/vinasfm.com\/noticias\/wp-content\/uploads\/2023\/10\/WhatsApp-Image-2023-10-17-at-11.03.58.jpeg\"><img loading=\"lazy\" decoding=\"async\" class=\"alignnone wp-image-128458\" src=\"https:\/\/vinasfm.com\/noticias\/wp-content\/uploads\/2023\/10\/WhatsApp-Image-2023-10-17-at-11.03.58-1024x577.jpeg\" alt=\"\" width=\"350\" height=\"197\" srcset=\"https:\/\/vinasfm.com\/noticias\/wp-content\/uploads\/2023\/10\/WhatsApp-Image-2023-10-17-at-11.03.58-1024x577.jpeg 1024w, https:\/\/vinasfm.com\/noticias\/wp-content\/uploads\/2023\/10\/WhatsApp-Image-2023-10-17-at-11.03.58-300x169.jpeg 300w, https:\/\/vinasfm.com\/noticias\/wp-content\/uploads\/2023\/10\/WhatsApp-Image-2023-10-17-at-11.03.58-768x432.jpeg 768w, https:\/\/vinasfm.com\/noticias\/wp-content\/uploads\/2023\/10\/WhatsApp-Image-2023-10-17-at-11.03.58-1536x865.jpeg 1536w, https:\/\/vinasfm.com\/noticias\/wp-content\/uploads\/2023\/10\/WhatsApp-Image-2023-10-17-at-11.03.58-750x420.jpeg 750w, https:\/\/vinasfm.com\/noticias\/wp-content\/uploads\/2023\/10\/WhatsApp-Image-2023-10-17-at-11.03.58-1140x641.jpeg 1140w, https:\/\/vinasfm.com\/noticias\/wp-content\/uploads\/2023\/10\/WhatsApp-Image-2023-10-17-at-11.03.58.jpeg 1600w\" sizes=\"auto, (max-width: 350px) 100vw, 350px\" \/><\/a> <a href=\"https:\/\/vinasfm.com\/noticias\/wp-content\/uploads\/2023\/10\/WhatsApp-Image-2023-10-17-at-11.03.57.jpeg\"><img loading=\"lazy\" decoding=\"async\" class=\"alignnone wp-image-128459\" src=\"https:\/\/vinasfm.com\/noticias\/wp-content\/uploads\/2023\/10\/WhatsApp-Image-2023-10-17-at-11.03.57.jpeg\" alt=\"\" width=\"350\" height=\"197\" srcset=\"https:\/\/vinasfm.com\/noticias\/wp-content\/uploads\/2023\/10\/WhatsApp-Image-2023-10-17-at-11.03.57.jpeg 1600w, https:\/\/vinasfm.com\/noticias\/wp-content\/uploads\/2023\/10\/WhatsApp-Image-2023-10-17-at-11.03.57-300x169.jpeg 300w, https:\/\/vinasfm.com\/noticias\/wp-content\/uploads\/2023\/10\/WhatsApp-Image-2023-10-17-at-11.03.57-1024x577.jpeg 1024w, https:\/\/vinasfm.com\/noticias\/wp-content\/uploads\/2023\/10\/WhatsApp-Image-2023-10-17-at-11.03.57-768x432.jpeg 768w, https:\/\/vinasfm.com\/noticias\/wp-content\/uploads\/2023\/10\/WhatsApp-Image-2023-10-17-at-11.03.57-1536x865.jpeg 1536w, https:\/\/vinasfm.com\/noticias\/wp-content\/uploads\/2023\/10\/WhatsApp-Image-2023-10-17-at-11.03.57-750x420.jpeg 750w, https:\/\/vinasfm.com\/noticias\/wp-content\/uploads\/2023\/10\/WhatsApp-Image-2023-10-17-at-11.03.57-1140x641.jpeg 1140w\" sizes=\"auto, (max-width: 350px) 100vw, 350px\" \/><\/a><\/p>\n<p><span style=\"color: #000000;\">Cerca de las 17:00 iniciaron las clases de tango a cargo de \u00a0los profesores Mario Padilla y Camila Inzaurralde. Posteriormente, tuvo lugar el show musical a cargo de Al Sur Tango con Alberto Ortiz y Ricardo Rosas junto a Sur Cuyano Ballet y Juan Pablo Guerrera y Hebe Sanz.<\/span><\/p>\n","protected":false},"excerpt":{"rendered":"<p>El Municipio celebr\u00f3 el D\u00eda de la Madre en el Paseo del Artesano, con un show musical y clases de tango. &#8230;<\/p>\n","protected":false},"author":7,"featured_media":128455,"comment_status":"open","ping_status":"open","sticky":false,"template":"","format":"standard","meta":{"footnotes":""},"categories":[5,19],"tags":[],"class_list":["post-128454","post","type-post","status-publish","format-standard","has-post-thumbnail","hentry","category-actualidad","category-cultura"],"_links":{"self":[{"href":"https:\/\/vinasfm.com\/noticias\/wp-json\/wp\/v2\/posts\/128454","targetHints":{"allow":["GET"]}}],"collection":[{"href":"https:\/\/vinasfm.com\/noticias\/wp-json\/wp\/v2\/posts"}],"about":[{"href":"https:\/\/vinasfm.com\/noticias\/wp-json\/wp\/v2\/types\/post"}],"author":[{"embeddable":true,"href":"https:\/\/vinasfm.com\/noticias\/wp-json\/wp\/v2\/users\/7"}],"replies":[{"embeddable":true,"href":"https:\/\/vinasfm.com\/noticias\/wp-json\/wp\/v2\/comments?post=128454"}],"version-history":[{"count":1,"href":"https:\/\/vinasfm.com\/noticias\/wp-json\/wp\/v2\/posts\/128454\/revisions"}],"predecessor-version":[{"id":128460,"href":"https:\/\/vinasfm.com\/noticias\/wp-json\/wp\/v2\/posts\/128454\/revisions\/128460"}],"wp:featuredmedia":[{"embeddable":true,"href":"https:\/\/vinasfm.com\/noticias\/wp-json\/wp\/v2\/media\/128455"}],"wp:attachment":[{"href":"https:\/\/vinasfm.com\/noticias\/wp-json\/wp\/v2\/media?parent=128454"}],"wp:term":[{"taxonomy":"category","embeddable":true,"href":"https:\/\/vinasfm.com\/noticias\/wp-json\/wp\/v2\/categories?post=128454"},{"taxonomy":"post_tag","embeddable":true,"href":"https:\/\/vinasfm.com\/noticias\/wp-json\/wp\/v2\/tags?post=128454"}],"curies":[{"name":"wp","href":"https:\/\/api.w.org\/{rel}","templated":true}]}}