{"id":128448,"date":"2023-10-18T08:59:03","date_gmt":"2023-10-18T11:59:03","guid":{"rendered":"https:\/\/vinasfm.com\/noticias\/?p=128448"},"modified":"2023-10-18T08:59:03","modified_gmt":"2023-10-18T11:59:03","slug":"internacional-por-equipos-5o-puesto-para-alvear-en-un-fuerte-torneo","status":"publish","type":"post","link":"https:\/\/vinasfm.com\/noticias\/internacional-por-equipos-5o-puesto-para-alvear-en-un-fuerte-torneo\/","title":{"rendered":"INTERNACIONAL POR EQUIPOS: 5\u00ba PUESTO PARA ALVEAR EN UN FUERTE TORNEO"},"content":{"rendered":"<p><span style=\"color: #000000;\"><strong>El equipo Juvenil de nuestro departamento logr\u00f3 una muy buena actuaci\u00f3n y qued\u00f3 entre los mejores del fuerte torneo disputado en Mendoza.<\/strong><\/span><\/p>\n<p><span style=\"color: #000000;\">El pasado fin de semana largo, se llev\u00f3 a cabo en instalaciones de la Universidad Nacional de Cuyo, organizado por la Federaci\u00f3n Mendocina de Ajedrez, el tradicional torneo internacional por equipos, que re\u00fane a fuertes conjuntos de todo el pa\u00eds, y el Ajedrez Alvearense, estuvo representado por 4 j\u00f3venes, que atraviesan un gran nivel, y que destacan a nivel Provincial y Nacional, tal es el caso de <strong>Cristian Orozco<\/strong> (20), <strong>Camilo Lieby<\/strong> (16) y <strong>Santiago S\u00e1nchez Laplace<\/strong> (17), que contaron con el ex Campe\u00f3n Alvearenses y en la actualidad, jugador de San Rafael, <strong>\u00c1lvaro Acu\u00f1a<\/strong> (24).<\/span><\/p>\n<p><img decoding=\"async\" src=\"https:\/\/blogger.googleusercontent.com\/img\/b\/R29vZ2xl\/AVvXsEiBYG6zDxZKDAzpKP-AsrIztd6_pBGwuWD0Cx9FFGopY4YMgEWwtMeQDbcYw1hyX8GnDfs7VDwOM1a2dF5ORLI9gMT2r_a5PCaTYw6uZwUciZF9U9PK5pa3H33BZaBgrRWTWvnzFh2ZTAC3MEhJNy37FgrRM18Si1d5NNtQvjdE0leFovlNg3EVIhnxN5A\/s320\/ajedrez_aada_2023_juega.jpg\" \/><\/p>\n<p style=\"font-weight: 400;\"><span style=\"color: #000000;\">El equipo, logr\u00f3 buenos resultados, como varias victorias 4-0, los empates 2-2 ante \u201cPe\u00f3n Vuelve\u201d, liderado por el Maestro Internacional Ismael Gim\u00e9nez, que finalmente se coronar\u00eda Sub Campe\u00f3n; y frente al equipo A de \u201cRegatas\u201d, que finaliz\u00f3 4\u00ba, y la ajustada derrota ante \u201cAtlantis\u201d, de los Maestros Alejandro Needleman, Cristian Luconi y Jorge Fern\u00e1ndez, junto a Juan Manuel Gatti, que resultaron ser los Campeones indiscutidos.<\/span><\/p>\n<h2 style=\"font-weight: 400;\"><span style=\"color: #000000;\"><b><strong>Principales Posiciones \u2013 Torneo Internacional por Equipos 2023:<\/strong><\/b><\/span><\/h2>\n<p style=\"font-weight: 400;\"><span style=\"color: #000000;\"><b><strong>1\u00ba\u00a0<\/strong><\/b>Atlantis<b><strong>\u00a016 Pts<\/strong><\/b><\/span><\/p>\n<p style=\"font-weight: 400;\"><span style=\"color: #000000;\"><b><strong>2\u00ba\u00a0<\/strong><\/b>Pe\u00f3n Vuelve \u201cA\u201d<b><strong>\u00a013 Pts<\/strong><\/b><\/span><\/p>\n<p style=\"font-weight: 400;\"><span style=\"color: #000000;\"><b><strong>3\u00ba\u00a0<\/strong><\/b>Provincia de San Luis<b><strong>\u00a013 Pts<\/strong><\/b><\/span><\/p>\n<p style=\"font-weight: 400;\"><span style=\"color: #000000;\"><b><strong>4\u00ba\u00a0<\/strong><\/b>Regatas \u201cA\u201d<b><strong>\u00a012 Pts<\/strong><\/b><\/span><\/p>\n<p style=\"font-weight: 400;\"><span style=\"color: #000000;\"><b><strong>5\u00ba Agrupaci\u00f3n Alvearense de Ajedrez 12 Pts<\/strong><\/b><\/span><\/p>\n<p style=\"font-weight: 400;\"><span style=\"color: #000000;\"><b><strong>6\u00ba\u00a0<\/strong><\/b>Cafeteros<b><strong>\u00a012 Pts<\/strong><\/b><\/span><\/p>\n<p style=\"font-weight: 400;\"><span style=\"color: #000000;\"><b><strong>7\u00ba\u00a0<\/strong><\/b>Club UNCuyo \u201cB\u201d<b><strong>\u00a012 Pts<\/strong><\/b><\/span><\/p>\n<p style=\"font-weight: 400;\"><span style=\"color: #000000;\"><b><strong>8\u00ba\u00a0<\/strong><\/b>Regatas \u201cC\u201d<b><strong>\u00a011 Pts<\/strong><\/b><\/span><\/p>\n<p style=\"font-weight: 400;\"><span style=\"color: #000000;\"><b><strong>9\u00ba\u00a0<\/strong><\/b>Club UnCuyo \u201cA\u201d<b><strong>\u00a011 Pts<\/strong><\/b><\/span><\/p>\n<p style=\"font-weight: 400;\"><span style=\"color: #000000;\"><b><strong>10\u00ba\u00a0<\/strong><\/b>Club CSYDAM Pedro Molina \u201cA\u201d<b><strong>\u00a010 Pts<\/strong><\/b><\/span><\/p>\n","protected":false},"excerpt":{"rendered":"<p>El equipo Juvenil de nuestro departamento logr\u00f3 una muy buena actuaci\u00f3n y qued\u00f3 entre los mejores del fuerte torneo disputado en &#8230;<\/p>\n","protected":false},"author":7,"featured_media":128449,"comment_status":"open","ping_status":"open","sticky":false,"template":"","format":"standard","meta":{"footnotes":""},"categories":[1],"tags":[],"class_list":["post-128448","post","type-post","status-publish","format-standard","has-post-thumbnail","hentry","category-fmvinas"],"_links":{"self":[{"href":"https:\/\/vinasfm.com\/noticias\/wp-json\/wp\/v2\/posts\/128448","targetHints":{"allow":["GET"]}}],"collection":[{"href":"https:\/\/vinasfm.com\/noticias\/wp-json\/wp\/v2\/posts"}],"about":[{"href":"https:\/\/vinasfm.com\/noticias\/wp-json\/wp\/v2\/types\/post"}],"author":[{"embeddable":true,"href":"https:\/\/vinasfm.com\/noticias\/wp-json\/wp\/v2\/users\/7"}],"replies":[{"embeddable":true,"href":"https:\/\/vinasfm.com\/noticias\/wp-json\/wp\/v2\/comments?post=128448"}],"version-history":[{"count":1,"href":"https:\/\/vinasfm.com\/noticias\/wp-json\/wp\/v2\/posts\/128448\/revisions"}],"predecessor-version":[{"id":128450,"href":"https:\/\/vinasfm.com\/noticias\/wp-json\/wp\/v2\/posts\/128448\/revisions\/128450"}],"wp:featuredmedia":[{"embeddable":true,"href":"https:\/\/vinasfm.com\/noticias\/wp-json\/wp\/v2\/media\/128449"}],"wp:attachment":[{"href":"https:\/\/vinasfm.com\/noticias\/wp-json\/wp\/v2\/media?parent=128448"}],"wp:term":[{"taxonomy":"category","embeddable":true,"href":"https:\/\/vinasfm.com\/noticias\/wp-json\/wp\/v2\/categories?post=128448"},{"taxonomy":"post_tag","embeddable":true,"href":"https:\/\/vinasfm.com\/noticias\/wp-json\/wp\/v2\/tags?post=128448"}],"curies":[{"name":"wp","href":"https:\/\/api.w.org\/{rel}","templated":true}]}}