{"id":128444,"date":"2023-10-18T08:55:17","date_gmt":"2023-10-18T11:55:17","guid":{"rendered":"https:\/\/vinasfm.com\/noticias\/?p=128444"},"modified":"2023-10-18T11:55:01","modified_gmt":"2023-10-18T14:55:01","slug":"walther-marcolini-invita-a-ser-parte-de-una-charla-sobre-introduccion-a-la-economia-del-comercio","status":"publish","type":"post","link":"https:\/\/vinasfm.com\/noticias\/walther-marcolini-invita-a-ser-parte-de-una-charla-sobre-introduccion-a-la-economia-del-comercio\/","title":{"rendered":"WALTHER MARCOLINI INVITA A SER PARTE DE UNA CHARLA SOBRE INTRODUCCI\u00d3N A LA ECONOM\u00cdA DEL CONOCIMIENTO"},"content":{"rendered":"<p><span style=\"color: #000000;\"><strong><em>La charla se realizar\u00e1, de forma gratuita, a las 19:00 hs en UGACOOP y est\u00e1 destinada a emprendedores y makers. <\/em><\/strong><\/span><\/p>\n<p><span style=\"color: #000000;\"><strong><em>\u201cUno de los grandes desaf\u00edo que tiene el pa\u00eds es potenciar a j\u00f3venes emprendedores que apuestas a la econom\u00eda 4.0\u201d, <\/em><\/strong>expres\u00f3 el Sr. Intendente. La charla estar\u00e1 a cargo de la Magister Cintia Hern\u00e1ndez, de la Universidad Nacional de Quilmes, quien tambi\u00e9n forma parte de Ministerio de Econom\u00eda de la Naci\u00f3n.<\/span><\/p>\n<p><a href=\"https:\/\/vinasfm.com\/noticias\/wp-content\/uploads\/2023\/10\/393293140_3524627517807435_3375629628351944335_n.jpg\"><img loading=\"lazy\" decoding=\"async\" class=\"alignnone wp-image-128445\" src=\"https:\/\/vinasfm.com\/noticias\/wp-content\/uploads\/2023\/10\/393293140_3524627517807435_3375629628351944335_n-1016x1024.jpg\" alt=\"\" width=\"450\" height=\"454\" srcset=\"https:\/\/vinasfm.com\/noticias\/wp-content\/uploads\/2023\/10\/393293140_3524627517807435_3375629628351944335_n-1016x1024.jpg 1016w, https:\/\/vinasfm.com\/noticias\/wp-content\/uploads\/2023\/10\/393293140_3524627517807435_3375629628351944335_n-298x300.jpg 298w, https:\/\/vinasfm.com\/noticias\/wp-content\/uploads\/2023\/10\/393293140_3524627517807435_3375629628351944335_n-150x150.jpg 150w, https:\/\/vinasfm.com\/noticias\/wp-content\/uploads\/2023\/10\/393293140_3524627517807435_3375629628351944335_n-768x774.jpg 768w, https:\/\/vinasfm.com\/noticias\/wp-content\/uploads\/2023\/10\/393293140_3524627517807435_3375629628351944335_n.jpg 1080w\" sizes=\"auto, (max-width: 450px) 100vw, 450px\" \/><\/a><\/p>\n<p><span style=\"color: #000000;\"><strong><em>\u201cEsta es una actividad que se ven\u00eda gestando acad\u00e9micamente con el polo TIC de Mendoza, UGACOOP y la UTN de San Rafael\u201d<\/em><\/strong>, se\u00f1al\u00f3 Marcolini.<\/span><\/p>\n","protected":false},"excerpt":{"rendered":"<p>La charla se realizar\u00e1, de forma gratuita, a las 19:00 hs en UGACOOP y est\u00e1 destinada a emprendedores y makers. \u201cUno &#8230;<\/p>\n","protected":false},"author":7,"featured_media":128476,"comment_status":"open","ping_status":"open","sticky":false,"template":"","format":"standard","meta":{"footnotes":""},"categories":[5],"tags":[],"class_list":["post-128444","post","type-post","status-publish","format-standard","has-post-thumbnail","hentry","category-actualidad"],"_links":{"self":[{"href":"https:\/\/vinasfm.com\/noticias\/wp-json\/wp\/v2\/posts\/128444","targetHints":{"allow":["GET"]}}],"collection":[{"href":"https:\/\/vinasfm.com\/noticias\/wp-json\/wp\/v2\/posts"}],"about":[{"href":"https:\/\/vinasfm.com\/noticias\/wp-json\/wp\/v2\/types\/post"}],"author":[{"embeddable":true,"href":"https:\/\/vinasfm.com\/noticias\/wp-json\/wp\/v2\/users\/7"}],"replies":[{"embeddable":true,"href":"https:\/\/vinasfm.com\/noticias\/wp-json\/wp\/v2\/comments?post=128444"}],"version-history":[{"count":3,"href":"https:\/\/vinasfm.com\/noticias\/wp-json\/wp\/v2\/posts\/128444\/revisions"}],"predecessor-version":[{"id":128477,"href":"https:\/\/vinasfm.com\/noticias\/wp-json\/wp\/v2\/posts\/128444\/revisions\/128477"}],"wp:featuredmedia":[{"embeddable":true,"href":"https:\/\/vinasfm.com\/noticias\/wp-json\/wp\/v2\/media\/128476"}],"wp:attachment":[{"href":"https:\/\/vinasfm.com\/noticias\/wp-json\/wp\/v2\/media?parent=128444"}],"wp:term":[{"taxonomy":"category","embeddable":true,"href":"https:\/\/vinasfm.com\/noticias\/wp-json\/wp\/v2\/categories?post=128444"},{"taxonomy":"post_tag","embeddable":true,"href":"https:\/\/vinasfm.com\/noticias\/wp-json\/wp\/v2\/tags?post=128444"}],"curies":[{"name":"wp","href":"https:\/\/api.w.org\/{rel}","templated":true}]}}