{"id":128441,"date":"2023-10-18T08:34:50","date_gmt":"2023-10-18T11:34:50","guid":{"rendered":"https:\/\/vinasfm.com\/noticias\/?p=128441"},"modified":"2023-10-18T11:55:22","modified_gmt":"2023-10-18T14:55:22","slug":"temporada-de-heladas-sin-danos-importantes","status":"publish","type":"post","link":"https:\/\/vinasfm.com\/noticias\/temporada-de-heladas-sin-danos-importantes\/","title":{"rendered":"TEMPORADA DE HELADAS SIN DA\u00d1OS IMPORTANTES"},"content":{"rendered":"<p><span style=\"color: #000000;\"><strong>La temporada de heladas trajo consigo algunas noches con temperaturas por debajo de los 0\u00b0C, siendo cr\u00edticas para algunos cultivos. <\/strong><\/span><\/p>\n<p><span style=\"color: #000000;\">Leandro Silvestre, de la Direcci\u00f3n de Agricultura del departamento, se\u00f1al\u00f3 que <strong><em>\u201cla primera quincena de octubre es un momento cr\u00edtico para muchos cultivos, fundamentalmente para la vi\u00f1a y la ciruela d\u2019agen\u201d.<\/em><\/strong><\/span><\/p>\n<p><span style=\"color: #000000;\">Silvestre dio un balance alentador y destac\u00f3 que <strong><em>\u201cen lo que va de la temporada, en nuestra zona, no tenemos p\u00e9rdidas considerables en la producci\u00f3n. Los da\u00f1os se limitan a pocos cultivos con determinadas caracter\u00edsticas de terreno que permitieron alojar bajas temperaturas\u201d. <\/em><\/strong><\/span><\/p>\n<p><span style=\"color: #000000;\">Adem\u00e1s, record\u00f3 que <strong><em>\u201ccuando los productores registren da\u00f1os producto de las heladas siempre se recomienda que se acerquen a la Direcci\u00f3n de Contingencias y dejar un registro de los da\u00f1os\u201d.<\/em><\/strong> Silvestre tambi\u00e9n remarc\u00f3 que <strong><em>\u201cen heladas no se habilitan las denuncias inmediatamente, se deben dejar correr 20 d\u00edas para corroborar si efectivamente hay da\u00f1os y desde ah\u00ed se habilitan las denuncias\u201d.<\/em><\/strong><\/span><\/p>\n","protected":false},"excerpt":{"rendered":"<p>La temporada de heladas trajo consigo algunas noches con temperaturas por debajo de los 0\u00b0C, siendo cr\u00edticas para algunos cultivos. Leandro &#8230;<\/p>\n","protected":false},"author":7,"featured_media":128442,"comment_status":"open","ping_status":"open","sticky":false,"template":"","format":"standard","meta":{"footnotes":""},"categories":[5,14],"tags":[],"class_list":["post-128441","post","type-post","status-publish","format-standard","has-post-thumbnail","hentry","category-actualidad","category-agro"],"_links":{"self":[{"href":"https:\/\/vinasfm.com\/noticias\/wp-json\/wp\/v2\/posts\/128441","targetHints":{"allow":["GET"]}}],"collection":[{"href":"https:\/\/vinasfm.com\/noticias\/wp-json\/wp\/v2\/posts"}],"about":[{"href":"https:\/\/vinasfm.com\/noticias\/wp-json\/wp\/v2\/types\/post"}],"author":[{"embeddable":true,"href":"https:\/\/vinasfm.com\/noticias\/wp-json\/wp\/v2\/users\/7"}],"replies":[{"embeddable":true,"href":"https:\/\/vinasfm.com\/noticias\/wp-json\/wp\/v2\/comments?post=128441"}],"version-history":[{"count":1,"href":"https:\/\/vinasfm.com\/noticias\/wp-json\/wp\/v2\/posts\/128441\/revisions"}],"predecessor-version":[{"id":128443,"href":"https:\/\/vinasfm.com\/noticias\/wp-json\/wp\/v2\/posts\/128441\/revisions\/128443"}],"wp:featuredmedia":[{"embeddable":true,"href":"https:\/\/vinasfm.com\/noticias\/wp-json\/wp\/v2\/media\/128442"}],"wp:attachment":[{"href":"https:\/\/vinasfm.com\/noticias\/wp-json\/wp\/v2\/media?parent=128441"}],"wp:term":[{"taxonomy":"category","embeddable":true,"href":"https:\/\/vinasfm.com\/noticias\/wp-json\/wp\/v2\/categories?post=128441"},{"taxonomy":"post_tag","embeddable":true,"href":"https:\/\/vinasfm.com\/noticias\/wp-json\/wp\/v2\/tags?post=128441"}],"curies":[{"name":"wp","href":"https:\/\/api.w.org\/{rel}","templated":true}]}}