{"id":128426,"date":"2023-10-13T10:30:04","date_gmt":"2023-10-13T13:30:04","guid":{"rendered":"https:\/\/vinasfm.com\/noticias\/?p=128426"},"modified":"2023-10-17T11:08:51","modified_gmt":"2023-10-17T14:08:51","slug":"trador-s-a-estuvo-presente-en-la-feria-internacional-anuga","status":"publish","type":"post","link":"https:\/\/vinasfm.com\/noticias\/trador-s-a-estuvo-presente-en-la-feria-internacional-anuga\/","title":{"rendered":"TRADOR S.A. ESTUVO PRESENTE EN LA FERIA INTERNACIONAL ANUGA"},"content":{"rendered":"<p><strong>Hay muchas ferias alimentarias en el mundo pero de entre las m\u00e1s destacadas se encuentra Anuga, la feria que se realiz\u00f3 del 7 al 11 de octubre en Alemania. <\/strong><\/p>\n<p>Anuga es considerada la feria de alimentos y bebidas m\u00e1s importante de Europa. Est\u00e1 dirigida a un p\u00fablico exclusivamente profesional, y se presenta como una inmejorable ocasi\u00f3n para encontrarse con m\u00e1s de 100.000 compradores internacionales con alto poder de decisi\u00f3n que buscan conocer las \u00faltimas innovaciones y tendencias del mercado.<\/p>\n<p>El productor, empresario y propietario de la firma <a href=\"https:\/\/www.instagram.com\/p\/CyF9QrkOZow\/\">Trador SA<\/a>, Carlos Ponce; se\u00f1al\u00f3 que <em><strong>\u201cen el rubro de las frutas disecadas nos hemos encontrado con un mercado muy generoso, nos encontramos con negociaciones con mercados muy importante\u201d.<\/strong><\/em><\/p>\n<p>En cuanto a los productos argentinos remarc\u00f3 que <em><strong>\u201cla ciruela se encuentra en un an\u00e1lisis de precio, pero hay productos como el poroto negro de Tucum\u00e1n que han tenido mucho \u00e9xito\u201d.<\/strong><\/em><\/p>\n<p><img loading=\"lazy\" decoding=\"async\" class=\"\" src=\"https:\/\/www.clarin.com\/img\/2017\/10\/17\/SkXLfg4p-_1256x620.jpg\" alt=\"M\u00e1s de 150 pymes argentinas participaron en Alemania de la mayor feria de alimentos y bebidas\" width=\"500\" height=\"247\" \/><\/p>\n<p>En esta edici\u00f3n, Argentina cont\u00f3 con m\u00e1s de 1.000 m<sup>2<\/sup>\u00a0a disposici\u00f3n de las empresas que deseen exhibir productos correspondientes a los siguientes sectores:\u00a0bebidas alcoh\u00f3licas; bebidas no alcoh\u00f3licas; l\u00e1cteos; productos de panader\u00eda, org\u00e1nicos y gourmet; alimentos congelados; frutas y vegetales; suplementos dietarios;\u00a0hierbas medicinales; y granos y semillas,\u00a0entre otros.<\/p>\n<p>En esta oportunidad, la muestra registr\u00f3 un nuevo r\u00e9cord de asistencia: 165.000 visitantes provenientes de 198 pa\u00edses. Ninguna otra feria de este sector en el mundo atrae a tantos participantes del exterior.<\/p>\n","protected":false},"excerpt":{"rendered":"<p>Hay muchas ferias alimentarias en el mundo pero de entre las m\u00e1s destacadas se encuentra Anuga, la feria que se realiz\u00f3 &#8230;<\/p>\n","protected":false},"author":7,"featured_media":128427,"comment_status":"open","ping_status":"open","sticky":false,"template":"","format":"standard","meta":{"footnotes":""},"categories":[5,69],"tags":[],"class_list":["post-128426","post","type-post","status-publish","format-standard","has-post-thumbnail","hentry","category-actualidad","category-comercio"],"_links":{"self":[{"href":"https:\/\/vinasfm.com\/noticias\/wp-json\/wp\/v2\/posts\/128426","targetHints":{"allow":["GET"]}}],"collection":[{"href":"https:\/\/vinasfm.com\/noticias\/wp-json\/wp\/v2\/posts"}],"about":[{"href":"https:\/\/vinasfm.com\/noticias\/wp-json\/wp\/v2\/types\/post"}],"author":[{"embeddable":true,"href":"https:\/\/vinasfm.com\/noticias\/wp-json\/wp\/v2\/users\/7"}],"replies":[{"embeddable":true,"href":"https:\/\/vinasfm.com\/noticias\/wp-json\/wp\/v2\/comments?post=128426"}],"version-history":[{"count":1,"href":"https:\/\/vinasfm.com\/noticias\/wp-json\/wp\/v2\/posts\/128426\/revisions"}],"predecessor-version":[{"id":128428,"href":"https:\/\/vinasfm.com\/noticias\/wp-json\/wp\/v2\/posts\/128426\/revisions\/128428"}],"wp:featuredmedia":[{"embeddable":true,"href":"https:\/\/vinasfm.com\/noticias\/wp-json\/wp\/v2\/media\/128427"}],"wp:attachment":[{"href":"https:\/\/vinasfm.com\/noticias\/wp-json\/wp\/v2\/media?parent=128426"}],"wp:term":[{"taxonomy":"category","embeddable":true,"href":"https:\/\/vinasfm.com\/noticias\/wp-json\/wp\/v2\/categories?post=128426"},{"taxonomy":"post_tag","embeddable":true,"href":"https:\/\/vinasfm.com\/noticias\/wp-json\/wp\/v2\/tags?post=128426"}],"curies":[{"name":"wp","href":"https:\/\/api.w.org\/{rel}","templated":true}]}}