{"id":128348,"date":"2023-10-14T09:19:00","date_gmt":"2023-10-14T12:19:00","guid":{"rendered":"https:\/\/vinasfm.com\/noticias\/?p=128348"},"modified":"2023-10-16T09:52:03","modified_gmt":"2023-10-16T12:52:03","slug":"patricia-gimenez-es-un-ano-muy-dificil-para-la-argentina","status":"publish","type":"post","link":"https:\/\/vinasfm.com\/noticias\/patricia-gimenez-es-un-ano-muy-dificil-para-la-argentina\/","title":{"rendered":"PATRICIA GIM\u00c9NEZ: \u00abES UN A\u00d1O MUY DIF\u00cdCIL PARA LA ARGENTINA\u00bb"},"content":{"rendered":"<p><strong>A una semana de las Elecciones Presidenciales, la candidata a diputada lleg\u00f3 a General Alvear.\u00a0<\/strong><\/p>\n<p>Presente en el Comit\u00e9 local de la UCR, Gim\u00e9nez sostuvo que <em><strong>\u00abes un a\u00f1o muy dif\u00edcil para la Argentina principalmente en materia econ\u00f3mica\u00bb<\/strong><\/em> y agreg\u00f3 <em><strong>\u00abes por eso que necesitamos un cambio ahora y para siempre\u00bb.\u00a0<\/strong><\/em><\/p>\n<p>Sobre los reclamos que recibe de las personas dijo; \u00ab<em><strong>No es muy dif\u00edcil de entender, tienen necesidades econ\u00f3micas, de seguridad y educaci\u00f3n\u00bb.<\/strong> <\/em>Gim\u00e9nez subray\u00f3 que <strong><em>\u00ablograr un cambio va a ser posible si se trabaja con un gran equipo t\u00e9cnico, como lo es el de la f\u00f3rmula Bulrrich-Petri. Tenemos el respaldo de 10 gobernadores, m\u00e1s de 500 intendentes y un quipo de legisladores que nos respalda y nos va a permitir hacer realidad los cambios propuestos\u00bb.<\/em><\/strong><\/p>\n<p>Haciendo un an\u00e1lisis, estim\u00f3 tener muy buenos resultados en Mendoza durante las pr\u00f3ximas elecciones ya que <strong><em>\u00aba los mendocionos les gusta protestar en las PASO y los supimos escuchar, es por eso que tenemos propuestas claras y un equipo s\u00f3lido que nos acompa\u00f1a\u00bb.\u00a0<\/em><\/strong><\/p>\n<p>Por \u00faltimo se mostr\u00f3 optimista con el futuro de Argentina. <strong><em>\u00abYo sigo ac\u00e1 y afortunadamente mis hijos pueden ser profesionales ac\u00e1, creo que tenemos que seguir luchando por ellos para tener un futuro mejor\u00bb.<\/em><\/strong><\/p>\n","protected":false},"excerpt":{"rendered":"<p>A una semana de las Elecciones Presidenciales, la candidata a diputada lleg\u00f3 a General Alvear.\u00a0 Presente en el Comit\u00e9 local de &#8230;<\/p>\n","protected":false},"author":7,"featured_media":128349,"comment_status":"open","ping_status":"open","sticky":false,"template":"","format":"standard","meta":{"footnotes":""},"categories":[5,7],"tags":[],"class_list":["post-128348","post","type-post","status-publish","format-standard","has-post-thumbnail","hentry","category-actualidad","category-politica"],"_links":{"self":[{"href":"https:\/\/vinasfm.com\/noticias\/wp-json\/wp\/v2\/posts\/128348","targetHints":{"allow":["GET"]}}],"collection":[{"href":"https:\/\/vinasfm.com\/noticias\/wp-json\/wp\/v2\/posts"}],"about":[{"href":"https:\/\/vinasfm.com\/noticias\/wp-json\/wp\/v2\/types\/post"}],"author":[{"embeddable":true,"href":"https:\/\/vinasfm.com\/noticias\/wp-json\/wp\/v2\/users\/7"}],"replies":[{"embeddable":true,"href":"https:\/\/vinasfm.com\/noticias\/wp-json\/wp\/v2\/comments?post=128348"}],"version-history":[{"count":1,"href":"https:\/\/vinasfm.com\/noticias\/wp-json\/wp\/v2\/posts\/128348\/revisions"}],"predecessor-version":[{"id":128350,"href":"https:\/\/vinasfm.com\/noticias\/wp-json\/wp\/v2\/posts\/128348\/revisions\/128350"}],"wp:featuredmedia":[{"embeddable":true,"href":"https:\/\/vinasfm.com\/noticias\/wp-json\/wp\/v2\/media\/128349"}],"wp:attachment":[{"href":"https:\/\/vinasfm.com\/noticias\/wp-json\/wp\/v2\/media?parent=128348"}],"wp:term":[{"taxonomy":"category","embeddable":true,"href":"https:\/\/vinasfm.com\/noticias\/wp-json\/wp\/v2\/categories?post=128348"},{"taxonomy":"post_tag","embeddable":true,"href":"https:\/\/vinasfm.com\/noticias\/wp-json\/wp\/v2\/tags?post=128348"}],"curies":[{"name":"wp","href":"https:\/\/api.w.org\/{rel}","templated":true}]}}