{"id":128342,"date":"2023-10-13T11:58:41","date_gmt":"2023-10-13T14:58:41","guid":{"rendered":"https:\/\/vinasfm.com\/noticias\/?p=128342"},"modified":"2023-10-16T09:19:53","modified_gmt":"2023-10-16T12:19:53","slug":"lisandro-nieri-visito-el-departamento","status":"publish","type":"post","link":"https:\/\/vinasfm.com\/noticias\/lisandro-nieri-visito-el-departamento\/","title":{"rendered":"LISANDRO NIERI VISIT\u00d3 EL DEPARTAMENTO"},"content":{"rendered":"<p><span style=\"color: #000000;\"><strong><em>A 10 de las Elecciones Presidenciales, el Diputado Nacional mantuvo una reuni\u00f3n con el Intendente Electo de General Alvear, Alejandro Molero.<\/em><\/strong><\/span><\/p>\n<p><span style=\"color: #000000;\">Durante su visita sostuvo que<strong><em> \u201cdebido al contexto que atraviesa Argentina, estas elecciones son sumamente importantes porque est\u00e1 en juego el futuro de los argentinos. El Gobierno actual nos ha llevado a una realidad econ\u00f3mica cr\u00edtica, sumando la degradaci\u00f3n en muchos otros aspectos\u201d. <\/em><\/strong><\/span><\/p>\n<p><span style=\"color: #000000;\">Nieri se mostr\u00f3 convencido de que<strong><em> \u201cPatricia Bulrcih y Luis Petri son la mejor alternativa, porque vienen luchando contra la corrupci\u00f3n y la mafia sindical desde hace a\u00f1o. Tenemos un equipo preparado para hacer realidad las propuestas realizadas\u201d. <\/em><\/strong><\/span><\/p>\n<p><a href=\"https:\/\/vinasfm.com\/noticias\/wp-content\/uploads\/2023\/10\/WhatsApp-Image-2023-10-12-at-10.43.44.jpeg\"><img loading=\"lazy\" decoding=\"async\" class=\"alignnone wp-image-128345\" src=\"https:\/\/vinasfm.com\/noticias\/wp-content\/uploads\/2023\/10\/WhatsApp-Image-2023-10-12-at-10.43.44-1024x768.jpeg\" alt=\"\" width=\"400\" height=\"300\" srcset=\"https:\/\/vinasfm.com\/noticias\/wp-content\/uploads\/2023\/10\/WhatsApp-Image-2023-10-12-at-10.43.44-1024x768.jpeg 1024w, https:\/\/vinasfm.com\/noticias\/wp-content\/uploads\/2023\/10\/WhatsApp-Image-2023-10-12-at-10.43.44-300x225.jpeg 300w, https:\/\/vinasfm.com\/noticias\/wp-content\/uploads\/2023\/10\/WhatsApp-Image-2023-10-12-at-10.43.44-768x576.jpeg 768w, https:\/\/vinasfm.com\/noticias\/wp-content\/uploads\/2023\/10\/WhatsApp-Image-2023-10-12-at-10.43.44.jpeg 1280w\" sizes=\"auto, (max-width: 400px) 100vw, 400px\" \/><\/a><\/p>\n<h6>El Diputado Nacional, Lisandro Nieri, junto al Intendente Electo Alejandro Molero<\/h6>\n<p><span style=\"color: #000000;\"><strong><em>\u201cLa elecci\u00f3n de Sergio Massa es elegir continuar con este desastre econ\u00f3mico, en 14 meses hizo un gran desastre y no puede llegar a la gobernaci\u00f3n acompa\u00f1ado de tanta corrupci\u00f3n\u201d<\/em><\/strong> apunt\u00f3 el candidato en primer t\u00e9rmino a Diputado Nacional. Javier Milei es el otro candidato que se ha mostrado m\u00e1s fuerte, sobre sus propuestas dijo: <strong><em>\u201ccreen tener formulas m\u00e1gicas y le mienten a la gente. Hacen promesas que suenan divertidas pero no se podr\u00e1n hacer realidad\u201d.<\/em><\/strong><\/span><\/p>\n<p><span style=\"color: #000000;\"><strong><em>\u201cPatricia va a estar acompa\u00f1ada por 10 gobernadores, contar\u00e1 con una importante representaci\u00f3n legislativa y un equipo totalmente preparado para hacer lo necesario para sacar adelante a Argentina\u201d, <\/em><\/strong>reflexion\u00f3.<\/span><\/p>\n<p><span style=\"color: #000000;\">Sobre las encuestas dijo: <strong><em>\u201cLa mayor encuesta fue las PASO, ah\u00ed entendimos que ten\u00edamos el apoyo de la gente y que el oficialismo tiene el \u00edndice de confianza muy bajo. Es muy probable terminar en un balotaje es por eso que trabajamos arduamente en nuestras propuestas con muchas expectativas de poder llegar a la presidencia\u201d.<\/em><\/strong><\/span><\/p>\n<p><img loading=\"lazy\" decoding=\"async\" class=\"\" src=\"https:\/\/scontent.fnqn2-1.fna.fbcdn.net\/v\/t39.30808-6\/391618696_803807208416416_2182548216887579137_n.jpg?_nc_cat=102&amp;ccb=1-7&amp;_nc_sid=5f2048&amp;_nc_eui2=AeETz0sk558a7kFhFZmLyTk2vuDT9hWVmkm-4NP2FZWaSTFTGqYA5V9O88GS0ewN9J3yjQrieG07Jx2gA6FYa-H9&amp;_nc_ohc=1Oc2VxSeWvIAX8wiD1R&amp;_nc_ht=scontent.fnqn2-1.fna&amp;cb_e2o_trans=t&amp;oh=00_AfBWjiIPHxX70ZBT_mylk5_Kpj42nKRq8j3dcKz8Fi5Cpg&amp;oe=652E0ABB\" alt=\"Puede ser una imagen de 6 personas\" width=\"360\" height=\"240\" \/> <img loading=\"lazy\" decoding=\"async\" class=\"\" src=\"https:\/\/scontent.fnqn2-1.fna.fbcdn.net\/v\/t39.30808-6\/391609228_803807198416417_775494816557314103_n.jpg?_nc_cat=102&amp;ccb=1-7&amp;_nc_sid=5f2048&amp;_nc_eui2=AeF7HkxM08IN-x_yhcE2kVMVPm3_dhiCr_c-bf92GIKv98jGe3OGaqT7z6ZQD2gApikoC12JaRDOwhZYaMfEnqkS&amp;_nc_ohc=iBiKUBT2jiAAX9RRf0C&amp;_nc_ht=scontent.fnqn2-1.fna&amp;cb_e2o_trans=t&amp;oh=00_AfBh0O-ZneP38L8QhR-9Ul0dIqK5Y233G_qUbUynbPTdAg&amp;oe=652EAC79\" alt=\"Puede ser una imagen de 15 personas, personas estudiando e iluminaci\u00f3n\" width=\"361\" height=\"240\" \/><\/p>\n<h6>Lisandro Nieri visit\u00f3 el departamento<\/h6>\n<p>Sobre la pol\u00edtica provincial, Lisandro Nieri sostuvo que<strong><em> \u201cen los \u00faltimos a\u00f1os Mendoza recibi\u00f3 una dur\u00edsima discriminaci\u00f3n pero estamos en camino a cambiarlo. Alfredo Cornejo tiene un gran peso en el Gobierno Nacional, es por eso que confiamos en que har\u00e1 una gesti\u00f3n ejemplar\u201d. \u00a0<\/em><\/strong><\/p>\n<p><span style=\"color: #000000;\">Por \u00faltimo, el Diputado Nacional, remarc\u00f3 que<strong><em> \u201ces necesario trabajar que los legisladores le den lugar al interior del pa\u00eds en sus agendas, para poder trabajar en las demandas de cada uno de los sectores econ\u00f3micos y poder plasmarlas en leyes\u201d.<\/em><\/strong><\/span><\/p>\n<h6>G.V<\/h6>\n","protected":false},"excerpt":{"rendered":"<p>A 10 de las Elecciones Presidenciales, el Diputado Nacional mantuvo una reuni\u00f3n con el Intendente Electo de General Alvear, Alejandro Molero. &#8230;<\/p>\n","protected":false},"author":7,"featured_media":128344,"comment_status":"open","ping_status":"open","sticky":false,"template":"","format":"standard","meta":{"footnotes":""},"categories":[5,7],"tags":[],"class_list":["post-128342","post","type-post","status-publish","format-standard","has-post-thumbnail","hentry","category-actualidad","category-politica"],"_links":{"self":[{"href":"https:\/\/vinasfm.com\/noticias\/wp-json\/wp\/v2\/posts\/128342","targetHints":{"allow":["GET"]}}],"collection":[{"href":"https:\/\/vinasfm.com\/noticias\/wp-json\/wp\/v2\/posts"}],"about":[{"href":"https:\/\/vinasfm.com\/noticias\/wp-json\/wp\/v2\/types\/post"}],"author":[{"embeddable":true,"href":"https:\/\/vinasfm.com\/noticias\/wp-json\/wp\/v2\/users\/7"}],"replies":[{"embeddable":true,"href":"https:\/\/vinasfm.com\/noticias\/wp-json\/wp\/v2\/comments?post=128342"}],"version-history":[{"count":1,"href":"https:\/\/vinasfm.com\/noticias\/wp-json\/wp\/v2\/posts\/128342\/revisions"}],"predecessor-version":[{"id":128346,"href":"https:\/\/vinasfm.com\/noticias\/wp-json\/wp\/v2\/posts\/128342\/revisions\/128346"}],"wp:featuredmedia":[{"embeddable":true,"href":"https:\/\/vinasfm.com\/noticias\/wp-json\/wp\/v2\/media\/128344"}],"wp:attachment":[{"href":"https:\/\/vinasfm.com\/noticias\/wp-json\/wp\/v2\/media?parent=128342"}],"wp:term":[{"taxonomy":"category","embeddable":true,"href":"https:\/\/vinasfm.com\/noticias\/wp-json\/wp\/v2\/categories?post=128342"},{"taxonomy":"post_tag","embeddable":true,"href":"https:\/\/vinasfm.com\/noticias\/wp-json\/wp\/v2\/tags?post=128342"}],"curies":[{"name":"wp","href":"https:\/\/api.w.org\/{rel}","templated":true}]}}