{"id":128332,"date":"2023-10-13T10:22:47","date_gmt":"2023-10-13T13:22:47","guid":{"rendered":"https:\/\/vinasfm.com\/noticias\/?p=128332"},"modified":"2023-10-16T09:21:01","modified_gmt":"2023-10-16T12:21:01","slug":"exploto-la-inflacion-en-mendoza-fue-de-169-en-septiembre","status":"publish","type":"post","link":"https:\/\/vinasfm.com\/noticias\/exploto-la-inflacion-en-mendoza-fue-de-169-en-septiembre\/","title":{"rendered":"EXPLOT\u00d3 LA INFLACI\u00d3N EN MENDOZA: FUE DE 16,9% EN SEPTIEMBRE"},"content":{"rendered":"<div class=\"description-boxed\"><strong>A d\u00edas de las elecciones, este fue el \u00edndice de aumento de precios en Mendoza. Cuatro puntos m\u00e1s que la nacional, de 12,7%. La ropa y el esparcimiento, por encima del 20%.<\/strong><\/div>\n<div><\/div>\n<div>Este jueves la <b>Direcci\u00f3n de Estad\u00edsticas y Censos<\/b>\u00a0de la provincia public\u00f3 los datos de la\u00a0<b>inflaci\u00f3n<\/b> en septiembre que fue del 16,9% en la provincia.<\/div>\n<div>\n<p>A d\u00edas de las elecciones presidenciales, la inflaci\u00f3n en la provincia fue de dos d\u00edgitos, evidenciando\u00a0 la devaluaci\u00f3n que hubo luego de las PASO nacionales. El mayor impacto fue en el rubro\u00a0<b>Ropa y Esparcimiento<\/b>\u00a0con aumentos superiores al 20%.<\/p>\n<p><b>Alimentos y bebidas<\/b>\u00a0reportaron un 13%; Equipamiento y mantenimiento del hogar, 12% y Salud, 13%.<\/p>\n<p>A nivel nacional la inflaci\u00f3n de septiembre fue de 12,7%, tres d\u00e9cimas m\u00e1s que en la medici\u00f3n de agosto, cuando se ubic\u00f3 en 12,4%, inform\u00f3 esta tarde el Instituto Nacional de Estad\u00edstica y Censos (Indec).<\/p>\n<figure class=\"vsmwidget widget-type-twitter twitter\" contenteditable=\"false\">\n<div class=\"twitter-tweet twitter-tweet-rendered\"><iframe id=\"twitter-widget-0\" class=\"\" title=\"Twitter Tweet\" src=\"https:\/\/platform.twitter.com\/embed\/Tweet.html?creatorScreenName=MendozaPost&amp;dnt=false&amp;embedId=twitter-widget-0&amp;features=eyJ0ZndfdGltZWxpbmVfbGlzdCI6eyJidWNrZXQiOltdLCJ2ZXJzaW9uIjpudWxsfSwidGZ3X2ZvbGxvd2VyX2NvdW50X3N1bnNldCI6eyJidWNrZXQiOnRydWUsInZlcnNpb24iOm51bGx9LCJ0ZndfdHdlZXRfZWRpdF9iYWNrZW5kIjp7ImJ1Y2tldCI6Im9uIiwidmVyc2lvbiI6bnVsbH0sInRmd19yZWZzcmNfc2Vzc2lvbiI6eyJidWNrZXQiOiJvbiIsInZlcnNpb24iOm51bGx9LCJ0ZndfZm9zbnJfc29mdF9pbnRlcnZlbnRpb25zX2VuYWJsZWQiOnsiYnVja2V0Ijoib24iLCJ2ZXJzaW9uIjpudWxsfSwidGZ3X21peGVkX21lZGlhXzE1ODk3Ijp7ImJ1Y2tldCI6InRyZWF0bWVudCIsInZlcnNpb24iOm51bGx9LCJ0ZndfZXhwZXJpbWVudHNfY29va2llX2V4cGlyYXRpb24iOnsiYnVja2V0IjoxMjA5NjAwLCJ2ZXJzaW9uIjpudWxsfSwidGZ3X3Nob3dfYmlyZHdhdGNoX3Bpdm90c19lbmFibGVkIjp7ImJ1Y2tldCI6Im9uIiwidmVyc2lvbiI6bnVsbH0sInRmd19kdXBsaWNhdGVfc2NyaWJlc190b19zZXR0aW5ncyI6eyJidWNrZXQiOiJvbiIsInZlcnNpb24iOm51bGx9LCJ0ZndfdXNlX3Byb2ZpbGVfaW1hZ2Vfc2hhcGVfZW5hYmxlZCI6eyJidWNrZXQiOiJvbiIsInZlcnNpb24iOm51bGx9LCJ0ZndfdmlkZW9faGxzX2R5bmFtaWNfbWFuaWZlc3RzXzE1MDgyIjp7ImJ1Y2tldCI6InRydWVfYml0cmF0ZSIsInZlcnNpb24iOm51bGx9LCJ0ZndfbGVnYWN5X3RpbWVsaW5lX3N1bnNldCI6eyJidWNrZXQiOnRydWUsInZlcnNpb24iOm51bGx9LCJ0ZndfdHdlZXRfZWRpdF9mcm9udGVuZCI6eyJidWNrZXQiOiJvbiIsInZlcnNpb24iOm51bGx9fQ%3D%3D&amp;frame=false&amp;hideCard=false&amp;hideThread=false&amp;id=1712543707411657101&amp;lang=es&amp;origin=https%3A%2F%2Fwww.mendozapost.com%2Feconomia%2Finflacion-septiembre-mendoza%2F&amp;sessionId=635afdd84ec6757a5a77aa6deaf56955e1317028&amp;siteScreenName=MendozaPost&amp;theme=light&amp;widgetsVersion=01917f4d1d4cb%3A1696883169554&amp;width=550px\" frameborder=\"0\" scrolling=\"no\" allowfullscreen=\"allowfullscreen\" data-gtm-yt-inspected-14=\"true\" data-tweet-id=\"1712543707411657101\"><\/iframe><\/div>\n<\/figure>\n<p>De esta forma, el \u00cdndice de Precios al Consumidor (IPC) acumula un incremento de 103,2% en los primeros nueve meses del corriente a\u00f1o y 138,3% interanual.<\/p>\n<p>La divisi\u00f3n de mayor aumento en el mes fue Prendas de vestir y calzado (15,7%), impulsada por el cambio de temporada.<\/p>\n<p>Le siguieron Recreaci\u00f3n y cultura (15,1%) -principalmente por la suba en los servicios de televisi\u00f3n por cable- y Alimentos y bebidas no alcoh\u00f3licas (14,3%).<\/p>\n<p>La divisi\u00f3n con mayor incidencia en todas las regiones fue Alimentos y bebidas no alcoh\u00f3licas (14,3%); y, al interior de la divisi\u00f3n, impact\u00f3 la suba de Carnes y derivados, Pan y cereales y Frutas.<\/p>\n<p>Las dos divisiones que registraron las menores variaciones en septiembre fueron Educaci\u00f3n (8,1%) y Vivienda, agua, electricidad y Otros combustibles (8,5%).<\/p>\n<p>&nbsp;<\/p>\n<p>Por categor\u00edas, los bienes y servicios Estacionales lideraron el aumento del per\u00edodo con una suba de 14,7%, seguida por el IPC N\u00facleo (13,4%), mientras que Regulados registr\u00f3 un incremento de 8,3%.<\/p>\n<\/div>\n","protected":false},"excerpt":{"rendered":"<p>A d\u00edas de las elecciones, este fue el \u00edndice de aumento de precios en Mendoza. Cuatro puntos m\u00e1s que la nacional, &#8230;<\/p>\n","protected":false},"author":7,"featured_media":128335,"comment_status":"open","ping_status":"open","sticky":false,"template":"","format":"standard","meta":{"footnotes":""},"categories":[5,16],"tags":[],"class_list":["post-128332","post","type-post","status-publish","format-standard","has-post-thumbnail","hentry","category-actualidad","category-economia"],"_links":{"self":[{"href":"https:\/\/vinasfm.com\/noticias\/wp-json\/wp\/v2\/posts\/128332","targetHints":{"allow":["GET"]}}],"collection":[{"href":"https:\/\/vinasfm.com\/noticias\/wp-json\/wp\/v2\/posts"}],"about":[{"href":"https:\/\/vinasfm.com\/noticias\/wp-json\/wp\/v2\/types\/post"}],"author":[{"embeddable":true,"href":"https:\/\/vinasfm.com\/noticias\/wp-json\/wp\/v2\/users\/7"}],"replies":[{"embeddable":true,"href":"https:\/\/vinasfm.com\/noticias\/wp-json\/wp\/v2\/comments?post=128332"}],"version-history":[{"count":1,"href":"https:\/\/vinasfm.com\/noticias\/wp-json\/wp\/v2\/posts\/128332\/revisions"}],"predecessor-version":[{"id":128336,"href":"https:\/\/vinasfm.com\/noticias\/wp-json\/wp\/v2\/posts\/128332\/revisions\/128336"}],"wp:featuredmedia":[{"embeddable":true,"href":"https:\/\/vinasfm.com\/noticias\/wp-json\/wp\/v2\/media\/128335"}],"wp:attachment":[{"href":"https:\/\/vinasfm.com\/noticias\/wp-json\/wp\/v2\/media?parent=128332"}],"wp:term":[{"taxonomy":"category","embeddable":true,"href":"https:\/\/vinasfm.com\/noticias\/wp-json\/wp\/v2\/categories?post=128332"},{"taxonomy":"post_tag","embeddable":true,"href":"https:\/\/vinasfm.com\/noticias\/wp-json\/wp\/v2\/tags?post=128332"}],"curies":[{"name":"wp","href":"https:\/\/api.w.org\/{rel}","templated":true}]}}