{"id":128328,"date":"2023-10-13T10:22:11","date_gmt":"2023-10-13T13:22:11","guid":{"rendered":"https:\/\/vinasfm.com\/noticias\/?p=128328"},"modified":"2023-10-13T10:22:11","modified_gmt":"2023-10-13T13:22:11","slug":"el-club-ika-en-su-20-aniversario-realizara-este-fin-de-semana-su-tradicional-rallycon-una-gran-participacion-y-fiesta-incluida","status":"publish","type":"post","link":"https:\/\/vinasfm.com\/noticias\/el-club-ika-en-su-20-aniversario-realizara-este-fin-de-semana-su-tradicional-rallycon-una-gran-participacion-y-fiesta-incluida\/","title":{"rendered":"EL CLUB IKA EN SU 20\u00b0 ANIVERSARIO REALIZAR\u00c1 ESTE FIN DE SEMANA SU TRADICIONAL RALLYCON UNA GRAN PARTICIPACI\u00d3N Y FIESTA INCLUIDA"},"content":{"rendered":"<h4>Tras una preparaci\u00f3n de algunos meses, este fin de semana el Club Ika llevar\u00e1 a cabo la 19\u00aa edici\u00f3n de su tradicional rally, ya a 20 a\u00f1os de la creaci\u00f3n de la entidad. Su presidente Eduardo Zenobi se refiri\u00f3 a ello.<\/h4>\n<p>Hoy viernes desde las 21, los organizadores del evento llevar\u00e1n a cabo las inscripciones en el centro de congresos y exposiciones para los veh\u00edculos y participantes que vienen de otros puntos de la provincia y el pa\u00eds, adem\u00e1s de dar la charla t\u00e9cnica de las dos etapas (habr\u00e1 una ma\u00f1ana s\u00e1bado y otra el domingo).<\/p>\n<p>Por otra parte, Zenobi adelant\u00f3 que ma\u00f1ana s\u00e1bado ser\u00e1 la salida simb\u00f3lica frente al Banco Naci\u00f3n (como todos los a\u00f1os). <em><strong>\u201cA partir de las 8 de la ma\u00f1ana vamos a estar ah\u00ed hasta alrededor de las 11, y luego salimos con direcci\u00f3n al zanj\u00f3n La Frazada en el Ca\u00f1\u00f3n del Atuel, donde damos comienzo a la primera etapa, para hacer todo lo que es la parte del puesto de Miguel Soto, las dunas hasta El Nihuil, para terminar en el hotel\u201d<\/strong><\/em>, dijo y agreg\u00f3 que \u201centre enlace y circuito, son aproximadamente 200 kil\u00f3metros, ya que son 55 kil\u00f3metros la primera etapa y m\u00e1s de 30 la segunda, pero adem\u00e1s est\u00e1 todo hasta El Nihuil y hasta el zanj\u00f3n La Frazada\u201d.<\/p>\n<p>En el caso del domingo ser\u00e1 algo m\u00e1s corto porque hay una fiesta en la noche, por el 20\u00b0 aniversario del club. Iniciar\u00e1n en el hotel, har\u00e1n una etapa breve cerca del cerro El Nihuil, y tomar\u00e1n una parte de las dunas de 30 kil\u00f3metros. <em><strong>\u201cSiempre la segunda etapa la hacemos un poco m\u00e1s cortas, porque ya los veh\u00edculos est\u00e1n un poco pasados de la primera etapa, un poco averiados algunos, y para luego retornar a las 4 o 5 de la tarde, para armar y organizar todo lo que ser\u00e1 la fiesta\u201d<\/strong><\/em>, destac\u00f3.<\/p>\n<p>Considera que ser\u00e1 algo entretenido pero tambi\u00e9n complicado, ya que han podido constatar que est\u00e1 algo floja la arena. <em><strong>\u201cNo vamos a entrar muy adentro a los m\u00e9danos pelados, porque realmente por ah\u00ed se nos complica con alg\u00fan veh\u00edculo que tenga alg\u00fan inconveniente para sacarlo de ah\u00ed. Nosotros siempre vamos dos veh\u00edculos o tres, y nos vamos juntando en cada puesto de control, y vamos detr\u00e1s de toda la fila, de todos los participantes rastreando, y a alguno que vaya teniendo alg\u00fan desperfecto lo vamos llevando, pero cuando est\u00e1n muy adentro es muy dif\u00edcil enganchar, y si es a motor parado peor todav\u00eda\u201d<\/strong><\/em>, apunt\u00f3.<\/p>\n<p>En la fiesta que ser\u00e1 en el sal\u00f3n \u201cMilenium\u201d de Salto de las Rosas se entregar\u00e1n premios y reconocimientos a personas que los han apoyado a lo largo de su historia, ex presidentes del IKA, por lo que ser\u00e1 seguramente -destac\u00f3 Zenobi- <em><strong>\u201cuna noche linda, entre amigos, contando an\u00e9cdotas y hablando seguro de todo lo que fue la etapa del Rally, y entregando el premio al ganador de ese rally y de los prime que hacemos durante el a\u00f1o, que ya est\u00e1n definidos tambi\u00e9n (1\u00b0, 2\u00b0 y 3\u00b0 puesto)\u201d<\/strong><\/em>.<\/p>\n","protected":false},"excerpt":{"rendered":"<p>Tras una preparaci\u00f3n de algunos meses, este fin de semana el Club Ika llevar\u00e1 a cabo la 19\u00aa edici\u00f3n de su &#8230;<\/p>\n","protected":false},"author":7,"featured_media":128333,"comment_status":"open","ping_status":"open","sticky":false,"template":"","format":"standard","meta":{"footnotes":""},"categories":[1],"tags":[],"class_list":["post-128328","post","type-post","status-publish","format-standard","has-post-thumbnail","hentry","category-fmvinas"],"_links":{"self":[{"href":"https:\/\/vinasfm.com\/noticias\/wp-json\/wp\/v2\/posts\/128328","targetHints":{"allow":["GET"]}}],"collection":[{"href":"https:\/\/vinasfm.com\/noticias\/wp-json\/wp\/v2\/posts"}],"about":[{"href":"https:\/\/vinasfm.com\/noticias\/wp-json\/wp\/v2\/types\/post"}],"author":[{"embeddable":true,"href":"https:\/\/vinasfm.com\/noticias\/wp-json\/wp\/v2\/users\/7"}],"replies":[{"embeddable":true,"href":"https:\/\/vinasfm.com\/noticias\/wp-json\/wp\/v2\/comments?post=128328"}],"version-history":[{"count":1,"href":"https:\/\/vinasfm.com\/noticias\/wp-json\/wp\/v2\/posts\/128328\/revisions"}],"predecessor-version":[{"id":128334,"href":"https:\/\/vinasfm.com\/noticias\/wp-json\/wp\/v2\/posts\/128328\/revisions\/128334"}],"wp:featuredmedia":[{"embeddable":true,"href":"https:\/\/vinasfm.com\/noticias\/wp-json\/wp\/v2\/media\/128333"}],"wp:attachment":[{"href":"https:\/\/vinasfm.com\/noticias\/wp-json\/wp\/v2\/media?parent=128328"}],"wp:term":[{"taxonomy":"category","embeddable":true,"href":"https:\/\/vinasfm.com\/noticias\/wp-json\/wp\/v2\/categories?post=128328"},{"taxonomy":"post_tag","embeddable":true,"href":"https:\/\/vinasfm.com\/noticias\/wp-json\/wp\/v2\/tags?post=128328"}],"curies":[{"name":"wp","href":"https:\/\/api.w.org\/{rel}","templated":true}]}}