{"id":128327,"date":"2023-10-13T10:17:51","date_gmt":"2023-10-13T13:17:51","guid":{"rendered":"https:\/\/vinasfm.com\/noticias\/?p=128327"},"modified":"2023-10-16T09:21:33","modified_gmt":"2023-10-16T12:21:33","slug":"cuatro-mendocinos-murieron-tras-un-tremendo-choque-en-cordoba","status":"publish","type":"post","link":"https:\/\/vinasfm.com\/noticias\/cuatro-mendocinos-murieron-tras-un-tremendo-choque-en-cordoba\/","title":{"rendered":"CUATRO MENDOCINOS MURIERON TRAS UN TREMENDO CHOQUE EN C\u00d3RDOBA"},"content":{"rendered":"<p><strong>El choque entre dos veh\u00edculos se registr\u00f3 en los primeros minutos de este viernes en la zona de Calamuchita, C\u00f3rdoba. Las v\u00edctimas fatales son de Mendoza y una joven perdi\u00f3 un embarazo.<\/strong><\/p>\n<p>Un fort\u00edsimo\u00a0<a href=\"https:\/\/www.mdzol.com\/temas\/choque-1007.html\" target=\"_blank\" rel=\"noopener\">cho<\/a>q<a href=\"https:\/\/www.mdzol.com\/temas\/choque-1007.html\" target=\"_blank\" rel=\"noopener\">ue<\/a>\u00a0se registr\u00f3 este viernes en\u00a0C\u00f3rdoba,\u00a0y se cobr\u00f3 la vida de cuatro<strong>\u00a0mendocinos<\/strong>. Adem\u00e1s, una mujer que intervino en el accidente perdi\u00f3 su embarazo,<\/p>\n<p>El siniestro\u00a0sucedi\u00f3 alrededor de las 0,30 en la zona de Villa Rumipal, departamento de Calamuchita. Los fallecidos fueron identificados como\u00a0Alberto Jes\u00fas Campos Hern\u00e1ndez (36), Octavio P\u00e9rez Toledo (30), Horacio Marcelo Ronchetti (36) y Adri\u00e1n Leonardo Guajardo (36), todos oriundos de<strong>\u00a0Mendoza,\u00a0<\/strong>seg\u00fan reportan\u00a0medios de<strong>\u00a0C\u00f3rdoba.\u00a0<\/strong><\/p>\n<aside class=\"htmlinline\"><\/aside>\n<p>El siniestro fue en la\u00a0Ruta Provincial N\u00b0 5, a la altura del kil\u00f3metro 101, y lo protagonizaron un Fiat Uno y un\u00a0Chevrolet Joy. Las v\u00edctimas fatales viajaban en el primero\u00a0de los rodados mencionados, en tanto que en el otro veh\u00edculo iba una pareja.<\/p>\n<p><img loading=\"lazy\" decoding=\"async\" class=\"\" src=\"https:\/\/www.mdzol.com\/u\/fotografias\/m\/2023\/10\/13\/f768x1-1491078_1491205_5050.jpg\" width=\"400\" height=\"225\" \/><\/p>\n<p>Ellos son Dami\u00e1n Avil\u00e9s (40) y Paloma Funes (28), oriundos de Villa del Dique. La joven como consecuencia del\u00a0<strong>choque<\/strong>\u00a0sufri\u00f3\u00a0la p\u00e9rdida del embarazo y la fractura de su brazo izquierdo.<\/p>\n<p><img loading=\"lazy\" decoding=\"async\" class=\"\" src=\"https:\/\/www.mdzol.com\/u\/fotografias\/m\/2023\/10\/13\/f768x1-1491061_1491188_5050.jpg\" width=\"400\" height=\"225\" \/><\/p>\n<p>Durante toda la madrugada la\u00a0Polic\u00eda de C\u00f3rdoba\u00a0trabaj\u00f3 en el lugar para determinar las circunstancias del choque.<\/p>\n","protected":false},"excerpt":{"rendered":"<p>El choque entre dos veh\u00edculos se registr\u00f3 en los primeros minutos de este viernes en la zona de Calamuchita, C\u00f3rdoba. Las &#8230;<\/p>\n","protected":false},"author":7,"featured_media":128329,"comment_status":"open","ping_status":"open","sticky":false,"template":"","format":"standard","meta":{"footnotes":""},"categories":[5,10],"tags":[],"class_list":["post-128327","post","type-post","status-publish","format-standard","has-post-thumbnail","hentry","category-actualidad","category-destacadas"],"_links":{"self":[{"href":"https:\/\/vinasfm.com\/noticias\/wp-json\/wp\/v2\/posts\/128327","targetHints":{"allow":["GET"]}}],"collection":[{"href":"https:\/\/vinasfm.com\/noticias\/wp-json\/wp\/v2\/posts"}],"about":[{"href":"https:\/\/vinasfm.com\/noticias\/wp-json\/wp\/v2\/types\/post"}],"author":[{"embeddable":true,"href":"https:\/\/vinasfm.com\/noticias\/wp-json\/wp\/v2\/users\/7"}],"replies":[{"embeddable":true,"href":"https:\/\/vinasfm.com\/noticias\/wp-json\/wp\/v2\/comments?post=128327"}],"version-history":[{"count":1,"href":"https:\/\/vinasfm.com\/noticias\/wp-json\/wp\/v2\/posts\/128327\/revisions"}],"predecessor-version":[{"id":128330,"href":"https:\/\/vinasfm.com\/noticias\/wp-json\/wp\/v2\/posts\/128327\/revisions\/128330"}],"wp:featuredmedia":[{"embeddable":true,"href":"https:\/\/vinasfm.com\/noticias\/wp-json\/wp\/v2\/media\/128329"}],"wp:attachment":[{"href":"https:\/\/vinasfm.com\/noticias\/wp-json\/wp\/v2\/media?parent=128327"}],"wp:term":[{"taxonomy":"category","embeddable":true,"href":"https:\/\/vinasfm.com\/noticias\/wp-json\/wp\/v2\/categories?post=128327"},{"taxonomy":"post_tag","embeddable":true,"href":"https:\/\/vinasfm.com\/noticias\/wp-json\/wp\/v2\/tags?post=128327"}],"curies":[{"name":"wp","href":"https:\/\/api.w.org\/{rel}","templated":true}]}}