{"id":128323,"date":"2023-10-13T10:15:14","date_gmt":"2023-10-13T13:15:14","guid":{"rendered":"https:\/\/vinasfm.com\/noticias\/?p=128323"},"modified":"2023-10-14T09:42:39","modified_gmt":"2023-10-14T12:42:39","slug":"tenes-planes-para-el-fin-de-semana-agenda-cultural-12","status":"publish","type":"post","link":"https:\/\/vinasfm.com\/noticias\/tenes-planes-para-el-fin-de-semana-agenda-cultural-12\/","title":{"rendered":"\u00bfTENES PLANES PARA EL FIN DE SEMANA? AGENDA CULTURAL"},"content":{"rendered":"<p><b>Fin de semana XXL con muchas actividades en General Alvear. La Directora de Cultura, Liana Piedrafita, dio detalle de las propuestas. <\/b><\/p>\n<h2>S\u00e1bado 14 de octubre<\/h2>\n<p>&#8211; D\u00eda Internacional de la Donaci\u00f3n de \u00d3rganos<br \/>\n&#8211; D\u00eda mundial de la Espirometr\u00eda<br \/>\n&#8211; D\u00eda Internacional de la Costurera<\/p>\n<h3>Actividades<\/h3>\n<p>Torneo Argentino de Handball<\/p>\n<ul>\n<li>9:30 a 14h partidos en Polideportivo Deportistas Alvearenses<\/li>\n<li>9 a 13:30h Polideportivo Villa Atuel<\/li>\n<li>15:45h ceremonia de clausura y premiaci\u00f3n en Polideportivo Deportistas Alvearenses<\/li>\n<\/ul>\n<p><a href=\"https:\/\/vinasfm.com\/noticias\/wp-content\/uploads\/2023\/10\/Handball-2023.jpeg\"><img loading=\"lazy\" decoding=\"async\" class=\"alignnone wp-image-128129\" src=\"https:\/\/vinasfm.com\/noticias\/wp-content\/uploads\/2023\/10\/Handball-2023-271x300.jpeg\" alt=\"\" width=\"350\" height=\"387\" srcset=\"https:\/\/vinasfm.com\/noticias\/wp-content\/uploads\/2023\/10\/Handball-2023-271x300.jpeg 271w, https:\/\/vinasfm.com\/noticias\/wp-content\/uploads\/2023\/10\/Handball-2023-926x1024.jpeg 926w, https:\/\/vinasfm.com\/noticias\/wp-content\/uploads\/2023\/10\/Handball-2023-768x849.jpeg 768w, https:\/\/vinasfm.com\/noticias\/wp-content\/uploads\/2023\/10\/Handball-2023.jpeg 1114w\" sizes=\"auto, (max-width: 350px) 100vw, 350px\" \/><\/a><\/p>\n<ul>\n<li>21:30h \u00cdntimo y Ac\u00fastico Daniel Altamirano en Teatro Antonio Lafalla. Entrada General $2000. Venta por boleter\u00eda y web<a href=\"https:\/\/cineteatrolafalla.alvearmendoza.gob.ar\/\"> https:\/\/cineteatrolafalla.alvearmendoza.gob.ar\/<\/a><\/li>\n<\/ul>\n<p><strong><em>\u201cSer\u00e1 un show \u00edntimo en donde Atamirano har\u00e1 un recorrido por su carrera musical. Ser\u00e1 una oportunidad para conocer su historia en primera persona\u201d, destac\u00f3. <\/em><\/strong><\/p>\n<h2><a href=\"https:\/\/vinasfm.com\/noticias\/wp-content\/uploads\/2023\/10\/WhatsApp-Image-2023-10-12-at-12.53.43-1.jpeg\"><img loading=\"lazy\" decoding=\"async\" class=\"alignnone wp-image-128325\" src=\"https:\/\/vinasfm.com\/noticias\/wp-content\/uploads\/2023\/10\/WhatsApp-Image-2023-10-12-at-12.53.43-1-280x300.jpeg\" alt=\"\" width=\"350\" height=\"375\" srcset=\"https:\/\/vinasfm.com\/noticias\/wp-content\/uploads\/2023\/10\/WhatsApp-Image-2023-10-12-at-12.53.43-1-280x300.jpeg 280w, https:\/\/vinasfm.com\/noticias\/wp-content\/uploads\/2023\/10\/WhatsApp-Image-2023-10-12-at-12.53.43-1-957x1024.jpeg 957w, https:\/\/vinasfm.com\/noticias\/wp-content\/uploads\/2023\/10\/WhatsApp-Image-2023-10-12-at-12.53.43-1-768x822.jpeg 768w, https:\/\/vinasfm.com\/noticias\/wp-content\/uploads\/2023\/10\/WhatsApp-Image-2023-10-12-at-12.53.43-1.jpeg 1281w\" sizes=\"auto, (max-width: 350px) 100vw, 350px\" \/><\/a><br \/>\nDomingo 15 de octubre<\/h2>\n<p>&#8211; D\u00eda de la madre<br \/>\n&#8211; D\u00eda Mundial del Bast\u00f3n Blanco<br \/>\n&#8211; D\u00eda Internacional de las Mujeres Rurales<br \/>\n&#8211; D\u00eda Mundial del Lavado de Manos<\/p>\n<h3>Actividades<\/h3>\n<p>M\u00fasica en el Paseo de los Artesanos<br \/>\n17:30h Clase abierta de Tango con los profesores Mario Padilla y Camila Inzaurralde<br \/>\n18:30h se presenta Al Sur Tango con Alberto Ortiz y Ricardo Rosas junto a Sur Cuyano Ballet y Juan Pablo Guerrera y Hebe Sanz<\/p>\n<h2><a href=\"https:\/\/vinasfm.com\/noticias\/wp-content\/uploads\/2023\/10\/c0ab7da1-332d-4997-b82a-807afde1edd0.jpg\"><img loading=\"lazy\" decoding=\"async\" class=\"alignnone wp-image-128256\" src=\"https:\/\/vinasfm.com\/noticias\/wp-content\/uploads\/2023\/10\/c0ab7da1-332d-4997-b82a-807afde1edd0-262x300.jpg\" alt=\"\" width=\"350\" height=\"400\" srcset=\"https:\/\/vinasfm.com\/noticias\/wp-content\/uploads\/2023\/10\/c0ab7da1-332d-4997-b82a-807afde1edd0-262x300.jpg 262w, https:\/\/vinasfm.com\/noticias\/wp-content\/uploads\/2023\/10\/c0ab7da1-332d-4997-b82a-807afde1edd0-896x1024.jpg 896w, https:\/\/vinasfm.com\/noticias\/wp-content\/uploads\/2023\/10\/c0ab7da1-332d-4997-b82a-807afde1edd0-768x878.jpg 768w, https:\/\/vinasfm.com\/noticias\/wp-content\/uploads\/2023\/10\/c0ab7da1-332d-4997-b82a-807afde1edd0.jpg 1203w\" sizes=\"auto, (max-width: 350px) 100vw, 350px\" \/><\/a><br \/>\nLunes 16 de octubre<\/h2>\n<p>&#8211; D\u00eda de la frontera<br \/>\n&#8211; D\u00eda Mundial de la Alimentaci\u00f3n<br \/>\n&#8211; D\u00eda Mundial del Anestesi\u00f3logo<br \/>\n&#8211; D\u00eda Internacional del Jefe<\/p>\n","protected":false},"excerpt":{"rendered":"<p>Fin de semana XXL con muchas actividades en General Alvear. La Directora de Cultura, Liana Piedrafita, dio detalle de las propuestas. &#8230;<\/p>\n","protected":false},"author":7,"featured_media":39800,"comment_status":"open","ping_status":"open","sticky":false,"template":"","format":"standard","meta":{"footnotes":""},"categories":[5,19],"tags":[],"class_list":["post-128323","post","type-post","status-publish","format-standard","has-post-thumbnail","hentry","category-actualidad","category-cultura"],"_links":{"self":[{"href":"https:\/\/vinasfm.com\/noticias\/wp-json\/wp\/v2\/posts\/128323","targetHints":{"allow":["GET"]}}],"collection":[{"href":"https:\/\/vinasfm.com\/noticias\/wp-json\/wp\/v2\/posts"}],"about":[{"href":"https:\/\/vinasfm.com\/noticias\/wp-json\/wp\/v2\/types\/post"}],"author":[{"embeddable":true,"href":"https:\/\/vinasfm.com\/noticias\/wp-json\/wp\/v2\/users\/7"}],"replies":[{"embeddable":true,"href":"https:\/\/vinasfm.com\/noticias\/wp-json\/wp\/v2\/comments?post=128323"}],"version-history":[{"count":3,"href":"https:\/\/vinasfm.com\/noticias\/wp-json\/wp\/v2\/posts\/128323\/revisions"}],"predecessor-version":[{"id":128352,"href":"https:\/\/vinasfm.com\/noticias\/wp-json\/wp\/v2\/posts\/128323\/revisions\/128352"}],"wp:featuredmedia":[{"embeddable":true,"href":"https:\/\/vinasfm.com\/noticias\/wp-json\/wp\/v2\/media\/39800"}],"wp:attachment":[{"href":"https:\/\/vinasfm.com\/noticias\/wp-json\/wp\/v2\/media?parent=128323"}],"wp:term":[{"taxonomy":"category","embeddable":true,"href":"https:\/\/vinasfm.com\/noticias\/wp-json\/wp\/v2\/categories?post=128323"},{"taxonomy":"post_tag","embeddable":true,"href":"https:\/\/vinasfm.com\/noticias\/wp-json\/wp\/v2\/tags?post=128323"}],"curies":[{"name":"wp","href":"https:\/\/api.w.org\/{rel}","templated":true}]}}