{"id":128306,"date":"2023-10-13T09:16:01","date_gmt":"2023-10-13T12:16:01","guid":{"rendered":"https:\/\/vinasfm.com\/noticias\/?p=128306"},"modified":"2023-10-13T12:00:22","modified_gmt":"2023-10-13T15:00:22","slug":"desde-la-direccion-de-deporte-invitan-a-todos-al-congreso-de-educacion-fisica-que-se-realizara-con-el-departamento-de-san-rafael","status":"publish","type":"post","link":"https:\/\/vinasfm.com\/noticias\/desde-la-direccion-de-deporte-invitan-a-todos-al-congreso-de-educacion-fisica-que-se-realizara-con-el-departamento-de-san-rafael\/","title":{"rendered":"DESDE LA DIRECCI\u00d3N DE DEPORTE INVITAN A TODOS AL CONGRESO DE EDUCACI\u00d3N F\u00cdSICA QUE SE REALIZAR\u00c1 CON EL DEPARTAMENTO DE SAN RAFAEL"},"content":{"rendered":"<p><strong>El mismo ser\u00e1 la semana pr\u00f3xima en nuestro departamento, se trata del<\/strong>\u00a0 <strong>\u201cVII Congreso de Educaci\u00f3n F\u00edsica\u201d, es organizado por el instituto Jorge Coll de San Rafael y se realizara jueves 19 y viernes 20.\u00a0<\/strong><\/p>\n<p>As\u00ed lo comentaba en dialogo con FM VI\u00d1AS el director de deportes, Jorge P\u00e1ez:<em><strong> &#8216;Es una grandeza por parte del instituto de abrirse este a\u00f1o con el sur, algo tan importante que es la educaci\u00f3n y capacitaci\u00f3n para todos los docentes, es una formad empezar a unirse con el sur&#8217;<\/strong><\/em><\/p>\n<p>Los interesados en asistir al Congreso pueden completar el formulario de Inscripci\u00f3n en\u00a0<a href=\"https:\/\/docs.google.com\/forms\/d\/e\/1FAIpQLSfRpO7ys_6BNF0VeIahW8ve7c81ph52uS4kygzW08ZQGxTXHA\/viewform\">este link.<\/a>\u00a0Para m\u00e1s informes pueden comunicarse al<strong>\u00a02604-550168<\/strong>\u00a0o al mail\u00a0<em><strong>iefsedesr@gmail.com<\/strong><\/em><\/p>\n","protected":false},"excerpt":{"rendered":"<p>El mismo ser\u00e1 la semana pr\u00f3xima en nuestro departamento, se trata del\u00a0 \u201cVII Congreso de Educaci\u00f3n F\u00edsica\u201d, es organizado por el &#8230;<\/p>\n","protected":false},"author":7,"featured_media":128313,"comment_status":"open","ping_status":"open","sticky":false,"template":"","format":"standard","meta":{"footnotes":""},"categories":[5,3],"tags":[],"class_list":["post-128306","post","type-post","status-publish","format-standard","has-post-thumbnail","hentry","category-actualidad","category-deportes"],"_links":{"self":[{"href":"https:\/\/vinasfm.com\/noticias\/wp-json\/wp\/v2\/posts\/128306","targetHints":{"allow":["GET"]}}],"collection":[{"href":"https:\/\/vinasfm.com\/noticias\/wp-json\/wp\/v2\/posts"}],"about":[{"href":"https:\/\/vinasfm.com\/noticias\/wp-json\/wp\/v2\/types\/post"}],"author":[{"embeddable":true,"href":"https:\/\/vinasfm.com\/noticias\/wp-json\/wp\/v2\/users\/7"}],"replies":[{"embeddable":true,"href":"https:\/\/vinasfm.com\/noticias\/wp-json\/wp\/v2\/comments?post=128306"}],"version-history":[{"count":1,"href":"https:\/\/vinasfm.com\/noticias\/wp-json\/wp\/v2\/posts\/128306\/revisions"}],"predecessor-version":[{"id":128318,"href":"https:\/\/vinasfm.com\/noticias\/wp-json\/wp\/v2\/posts\/128306\/revisions\/128318"}],"wp:featuredmedia":[{"embeddable":true,"href":"https:\/\/vinasfm.com\/noticias\/wp-json\/wp\/v2\/media\/128313"}],"wp:attachment":[{"href":"https:\/\/vinasfm.com\/noticias\/wp-json\/wp\/v2\/media?parent=128306"}],"wp:term":[{"taxonomy":"category","embeddable":true,"href":"https:\/\/vinasfm.com\/noticias\/wp-json\/wp\/v2\/categories?post=128306"},{"taxonomy":"post_tag","embeddable":true,"href":"https:\/\/vinasfm.com\/noticias\/wp-json\/wp\/v2\/tags?post=128306"}],"curies":[{"name":"wp","href":"https:\/\/api.w.org\/{rel}","templated":true}]}}