{"id":128206,"date":"2023-10-10T11:16:54","date_gmt":"2023-10-10T14:16:54","guid":{"rendered":"https:\/\/vinasfm.com\/noticias\/?p=128206"},"modified":"2023-10-11T09:45:45","modified_gmt":"2023-10-11T12:45:45","slug":"todavia-no-se-aplican-y-ya-quedaron-atrasados-que-pasa-con-los-aumentos-de-la-luz-y-del-boleto-en-mendoza","status":"publish","type":"post","link":"https:\/\/vinasfm.com\/noticias\/todavia-no-se-aplican-y-ya-quedaron-atrasados-que-pasa-con-los-aumentos-de-la-luz-y-del-boleto-en-mendoza\/","title":{"rendered":"TODAV\u00cdA NO SE APLICAN Y YA QUEDARON ATRASADOS: QU\u00c9 PASA CON LOS AUMENTOS DE LA LUZ Y DEL BOLETO EN MENDOZA"},"content":{"rendered":"<p><strong>Desde hace algunas semanas, los informes t\u00e9cnicos est\u00e1n en manos del gobernador Rodolfo Suarez, quien a\u00fan no firma los decretos para autorizar los incrementos.<\/strong><\/p>\n<p><strong>El 28 de julio<\/strong>\u00a0se realiz\u00f3 la audiencia p\u00fablica para analizar, entre otros puntos, el\u00a0<strong>aumento de la tarifa el\u00e9ctrica<\/strong>\u00a0en Mendoza.\u00a0<strong>El 14 de agosto<\/strong>\u00a0fue el turno del encuentro no vinculante para debatir el\u00a0<strong>incremento del boleto de colectivo<\/strong>. Desde hace algunas semanas la decisi\u00f3n de aplicar ambos ajustes est\u00e1 en manos del gobernador\u00a0<strong>Rodolfo Suarez<\/strong>, quien a\u00fan no firma los decretos correspondientes para que comiencen a regir.<\/p>\n<p><strong><em>\u201cSe encuentran a\u00fan en proceso administrativo\u201d<\/em><\/strong>, repiten fuentes oficiales, quienes admiten que los estudios presentados en las audiencias p\u00fablicas ya quedaron totalmente desfasados ante el salto inflacionario.<\/p>\n<p>Los informes de las empresas concesionarias y de los entes de control de ambos servicios p\u00fablicos (el EPRE en el caso de la luz y el EMOP para el transporte p\u00fablico de pasajeros)\u00a0<strong>se realizaron con anterioridad a la devaluaci\u00f3n del 22%<\/strong>\u00a0ordenada por el Gobierno nacional tras las Primarias del 13 de agosto.<\/p>\n<aside class=\"scaip scaip-1 \"><\/aside>\n<p>Mientras algunas firmas transportistas y distribuidoras el\u00e9ctricas reclaman por la aplicaci\u00f3n del incremento,\u00a0<strong>en el Gobierno reconocen el retraso<\/strong>.\u00a0<strong><em>\u201cEl boleto se est\u00e1 actualizando tomando como base el \u00faltimo aumento, que tuvo origen en octubre del a\u00f1o pasado, mientras que en el caso de la luz fue en febrero de este a\u00f1o\u201d<\/em><\/strong>, indicaron desde el Ejecutivo.<\/p>\n<p>Era previsible que la aplicaci\u00f3n de los incrementos se produjeran\u00a0<strong>luego de las elecciones provinciales del 24 de septiembre<\/strong>, que gan\u00f3 Cambia Mendoza. Pero ya pasaron m\u00e1s de dos semanas del triunfo de Alfredo Cornejo y Suarez a\u00fan no firma los respectivos decretos.<\/p>\n<p>Ahora, una versi\u00f3n extraoficial, no confirmada por el Gobierno, sostiene que las normas legales que habilitar\u00e1n los aumentos se conocer\u00e1n reci\u00e9n luego de las elecciones presidenciales del 22 de octubre.<\/p>\n","protected":false},"excerpt":{"rendered":"<p>Desde hace algunas semanas, los informes t\u00e9cnicos est\u00e1n en manos del gobernador Rodolfo Suarez, quien a\u00fan no firma los decretos para &#8230;<\/p>\n","protected":false},"author":7,"featured_media":128207,"comment_status":"open","ping_status":"open","sticky":false,"template":"","format":"standard","meta":{"footnotes":""},"categories":[5,169],"tags":[],"class_list":["post-128206","post","type-post","status-publish","format-standard","has-post-thumbnail","hentry","category-actualidad","category-aumentos"],"_links":{"self":[{"href":"https:\/\/vinasfm.com\/noticias\/wp-json\/wp\/v2\/posts\/128206","targetHints":{"allow":["GET"]}}],"collection":[{"href":"https:\/\/vinasfm.com\/noticias\/wp-json\/wp\/v2\/posts"}],"about":[{"href":"https:\/\/vinasfm.com\/noticias\/wp-json\/wp\/v2\/types\/post"}],"author":[{"embeddable":true,"href":"https:\/\/vinasfm.com\/noticias\/wp-json\/wp\/v2\/users\/7"}],"replies":[{"embeddable":true,"href":"https:\/\/vinasfm.com\/noticias\/wp-json\/wp\/v2\/comments?post=128206"}],"version-history":[{"count":1,"href":"https:\/\/vinasfm.com\/noticias\/wp-json\/wp\/v2\/posts\/128206\/revisions"}],"predecessor-version":[{"id":128208,"href":"https:\/\/vinasfm.com\/noticias\/wp-json\/wp\/v2\/posts\/128206\/revisions\/128208"}],"wp:featuredmedia":[{"embeddable":true,"href":"https:\/\/vinasfm.com\/noticias\/wp-json\/wp\/v2\/media\/128207"}],"wp:attachment":[{"href":"https:\/\/vinasfm.com\/noticias\/wp-json\/wp\/v2\/media?parent=128206"}],"wp:term":[{"taxonomy":"category","embeddable":true,"href":"https:\/\/vinasfm.com\/noticias\/wp-json\/wp\/v2\/categories?post=128206"},{"taxonomy":"post_tag","embeddable":true,"href":"https:\/\/vinasfm.com\/noticias\/wp-json\/wp\/v2\/tags?post=128206"}],"curies":[{"name":"wp","href":"https:\/\/api.w.org\/{rel}","templated":true}]}}