{"id":128138,"date":"2023-10-09T08:20:57","date_gmt":"2023-10-09T11:20:57","guid":{"rendered":"https:\/\/vinasfm.com\/noticias\/?p=128138"},"modified":"2023-10-09T10:23:34","modified_gmt":"2023-10-09T13:23:34","slug":"dos-nuevos-robos-se-registraron-durante-el-fin-de-semana","status":"publish","type":"post","link":"https:\/\/vinasfm.com\/noticias\/dos-nuevos-robos-se-registraron-durante-el-fin-de-semana\/","title":{"rendered":"DOS NUEVOS ROBOS SE REGISTRARON DURANTE EL FIN DE SEMANA"},"content":{"rendered":"<p><span style=\"color: #000000;\"><strong>El primero ocurri\u00f3, nuevamente, en una obra en construcci\u00f3n. El segundo ocurri\u00f3 en la Plaza Ren\u00e9 Favaloro.<\/strong><\/span><\/p>\n<p><span style=\"color: #000000;\"><em><strong>El d\u00eda s\u00e1bado en horas de la ma\u00f1ana<\/strong><\/em> se toma conocimiento de un hecho il\u00edcito <em><strong>ocurrido en Avenida<\/strong> <strong>Libertador Sur al 50, en una obra en construcci\u00f3n<\/strong> <\/em>que se est\u00e1 llevando a cabo en el lugar. El responsable de la misma denunci\u00f3 que durante la noche, personas desconocidas <em><strong>previo violentar la tela de una ventana sustrajeron; un atornillador inal\u00e1mbrico, un taladro, una amoladora, un martillo, entre otros elementos.<\/strong><\/em><\/span><\/p>\n<p><span style=\"color: #000000;\"><em><strong>Posiblemente los mismos autores<\/strong><\/em> hayan sido quienes procedieron a la sustracci\u00f3n de elementos del interior del local comercial de raz\u00f3n social <em><strong>El Paso, sito en Avenida Libertador Sur al 73<\/strong>,<\/em> donde las autores han ingresado por un tragaluz y han sustra\u00eddo bebidas y mercader\u00edas, parte de las cuales fueron habidas en el interior de la obra en construcci\u00f3n siniestrada.<\/span><\/p>\n<p><span style=\"color: #000000;\">El segundo hecho ocurri\u00f3 el d\u00eda domingo. <strong><em>Siendo las 03:00 horas aproximadamente, es desplazado personal policial a la Plaza Rene Favaloro, ubicada en Alem y Bufano.<\/em><\/strong> En el lugar se encontraban un grupo de j\u00f3venes, uno de ellos dio cuenta que arriban <em><strong>tres sujetos de los cuales uno se retira y los otros dos restantes lo agreden con golpes de pu\u00f1o y amenazas verbales, y le sustraen un tel\u00e9fono celular.<\/strong> <\/em>Con las caracter\u00edsticas aportadas por la v\u00edctima personal policial procede a la <em><strong>aprehensi\u00f3n de los dos posibles autores del hecho los que se encuentran a disposici\u00f3n de la Oficina Fiscal de comisar\u00eda 14ta.<\/strong><\/em><\/span><\/p>\n<p>&nbsp;<\/p>\n","protected":false},"excerpt":{"rendered":"<p>El primero ocurri\u00f3, nuevamente, en una obra en construcci\u00f3n. El segundo ocurri\u00f3 en la Plaza Ren\u00e9 Favaloro. El d\u00eda s\u00e1bado en &#8230;<\/p>\n","protected":false},"author":7,"featured_media":125434,"comment_status":"open","ping_status":"open","sticky":false,"template":"","format":"standard","meta":{"footnotes":""},"categories":[5,4],"tags":[],"class_list":["post-128138","post","type-post","status-publish","format-standard","has-post-thumbnail","hentry","category-actualidad","category-policiales"],"_links":{"self":[{"href":"https:\/\/vinasfm.com\/noticias\/wp-json\/wp\/v2\/posts\/128138","targetHints":{"allow":["GET"]}}],"collection":[{"href":"https:\/\/vinasfm.com\/noticias\/wp-json\/wp\/v2\/posts"}],"about":[{"href":"https:\/\/vinasfm.com\/noticias\/wp-json\/wp\/v2\/types\/post"}],"author":[{"embeddable":true,"href":"https:\/\/vinasfm.com\/noticias\/wp-json\/wp\/v2\/users\/7"}],"replies":[{"embeddable":true,"href":"https:\/\/vinasfm.com\/noticias\/wp-json\/wp\/v2\/comments?post=128138"}],"version-history":[{"count":2,"href":"https:\/\/vinasfm.com\/noticias\/wp-json\/wp\/v2\/posts\/128138\/revisions"}],"predecessor-version":[{"id":128140,"href":"https:\/\/vinasfm.com\/noticias\/wp-json\/wp\/v2\/posts\/128138\/revisions\/128140"}],"wp:featuredmedia":[{"embeddable":true,"href":"https:\/\/vinasfm.com\/noticias\/wp-json\/wp\/v2\/media\/125434"}],"wp:attachment":[{"href":"https:\/\/vinasfm.com\/noticias\/wp-json\/wp\/v2\/media?parent=128138"}],"wp:term":[{"taxonomy":"category","embeddable":true,"href":"https:\/\/vinasfm.com\/noticias\/wp-json\/wp\/v2\/categories?post=128138"},{"taxonomy":"post_tag","embeddable":true,"href":"https:\/\/vinasfm.com\/noticias\/wp-json\/wp\/v2\/tags?post=128138"}],"curies":[{"name":"wp","href":"https:\/\/api.w.org\/{rel}","templated":true}]}}