{"id":128123,"date":"2023-10-09T08:04:45","date_gmt":"2023-10-09T11:04:45","guid":{"rendered":"https:\/\/vinasfm.com\/noticias\/?p=128123"},"modified":"2023-10-09T10:19:53","modified_gmt":"2023-10-09T13:19:53","slug":"jorge-paez-el-sur-de-la-provincia-debe-unirse-para-lograr-grandes-eventos","status":"publish","type":"post","link":"https:\/\/vinasfm.com\/noticias\/jorge-paez-el-sur-de-la-provincia-debe-unirse-para-lograr-grandes-eventos\/","title":{"rendered":"JORGE P\u00c1EZ: \u00abEL SUR DE LA PROVINCIA DEBE UNIRSE PARA LOGRAR GRANDES EVENTOS\u00bb"},"content":{"rendered":"<h4><strong>General Alvear se prepara para un nuevo evento de calidad en cuanto a lo deportivo, desde hoy lunes 9 hasta el pr\u00f3ximo s\u00e1bado 14 de octubre el Polideportivo de General Alvear y tambi\u00e9n de Villa Atuel (San Rafael) recibir\u00e1 a m\u00e1s de 700 deportistas de todo el pa\u00eds. Todos ellos desempe\u00f1ar\u00e1n sus habilidades en el Torneo Argentino de Handball de Selecciones Adultas.<\/strong><\/h4>\n<p><a href=\"https:\/\/vinasfm.com\/noticias\/wp-content\/uploads\/2023\/10\/Handball-2023.jpeg\"><img loading=\"lazy\" decoding=\"async\" class=\"size-medium wp-image-128129 aligncenter\" src=\"https:\/\/vinasfm.com\/noticias\/wp-content\/uploads\/2023\/10\/Handball-2023-271x300.jpeg\" alt=\"\" width=\"271\" height=\"300\" srcset=\"https:\/\/vinasfm.com\/noticias\/wp-content\/uploads\/2023\/10\/Handball-2023-271x300.jpeg 271w, https:\/\/vinasfm.com\/noticias\/wp-content\/uploads\/2023\/10\/Handball-2023-926x1024.jpeg 926w, https:\/\/vinasfm.com\/noticias\/wp-content\/uploads\/2023\/10\/Handball-2023-768x849.jpeg 768w, https:\/\/vinasfm.com\/noticias\/wp-content\/uploads\/2023\/10\/Handball-2023.jpeg 1114w\" sizes=\"auto, (max-width: 271px) 100vw, 271px\" \/><\/a><\/p>\n<p>Nuevamente el departamento vuelve a ser anfitri\u00f3n del Handball, el ultimo evento se realiz\u00f3 en las instalaciones del Polideportivo Deportistas Alvearenses y se enfoc\u00f3 en el \u201cTorneo Nacional de Clubes Juveniles C\u201d con m\u00e1s de 500 personas que visitaron la ciudad. En este caso compiten diferentes Asociaciones de Argentina, respecto a General Alvear son 4 oriundos del departamento que jugaran para ASABAL (Asociaci\u00f3n Sanrafaelina de handball) ya que la Municipalidad de General Alvear est\u00e1 ligada a esta asociaci\u00f3n.<\/p>\n<p><a href=\"https:\/\/vinasfm.com\/noticias\/wp-content\/uploads\/2023\/04\/Cierre-Torneo-Nacional-de-Handball-11-scaled.jpg\"><img loading=\"lazy\" decoding=\"async\" class=\" wp-image-120359 aligncenter\" src=\"https:\/\/vinasfm.com\/noticias\/wp-content\/uploads\/2023\/04\/Cierre-Torneo-Nacional-de-Handball-11-300x200.jpg\" alt=\"\" width=\"384\" height=\"256\" srcset=\"https:\/\/vinasfm.com\/noticias\/wp-content\/uploads\/2023\/04\/Cierre-Torneo-Nacional-de-Handball-11-300x200.jpg 300w, https:\/\/vinasfm.com\/noticias\/wp-content\/uploads\/2023\/04\/Cierre-Torneo-Nacional-de-Handball-11-1024x684.jpg 1024w, https:\/\/vinasfm.com\/noticias\/wp-content\/uploads\/2023\/04\/Cierre-Torneo-Nacional-de-Handball-11-768x513.jpg 768w, https:\/\/vinasfm.com\/noticias\/wp-content\/uploads\/2023\/04\/Cierre-Torneo-Nacional-de-Handball-11-1536x1025.jpg 1536w, https:\/\/vinasfm.com\/noticias\/wp-content\/uploads\/2023\/04\/Cierre-Torneo-Nacional-de-Handball-11-2048x1367.jpg 2048w\" sizes=\"auto, (max-width: 384px) 100vw, 384px\" \/><\/a><\/p>\n<p>Con m\u00e1s detalles, el Director de Deportes de nuestra comuna, Jorge P\u00e1ez, se expres\u00f3 al respecto: <strong><em>\u2018lo mejor del handball estar\u00e1 en Alvear, son selecciones de las diferentes asociaciones, no es como el torneo juvenil pasado que ven\u00edan diferentes clubes del pa\u00eds si no que vienen las selecciones, en el caso de Genera Alvear que est\u00e1 dentro de ASABAL (Asociaci\u00f3n Sanrafaelina de handball) tendr\u00e1 su participaci\u00f3n con jugadores de ac\u00e1\u2019 <\/em><\/strong><\/p>\n<p><strong><em>\u2018Tenemos 10 equipos en la rama masculina y 12 en la femenina, todos traen sus cuerpos t\u00e9cnicos, por esto son equipos numerosos, es lo m\u00e1s parecido a lo profesional que vamos a tener en General Alvear, invitamos a todos para este encuentro\u2019<\/em><\/strong><\/p>\n<p><a href=\"https:\/\/vinasfm.com\/noticias\/wp-content\/uploads\/2023\/05\/Jorge-Paez.jpg\"><img loading=\"lazy\" decoding=\"async\" class=\" wp-image-122304 aligncenter\" src=\"https:\/\/vinasfm.com\/noticias\/wp-content\/uploads\/2023\/05\/Jorge-Paez.jpg\" alt=\"\" width=\"380\" height=\"213\" \/><\/a><\/p>\n<p>Cabe destacar que este deporte sigue creciendo a nivel departamental en cuanto a la cantidad de chicos y chicas que lo practican y tambi\u00e9n la cantidad de profesores que se hacen responsables del mismo: <strong><em>\u2018se han ido sumando muchos profes en el handball, como lo es Cristian Sosa, Carlos Gatica, Ezequiel Barrera y muchos m\u00e1s, tambi\u00e9n hemos sumado a una profe nueva que se ha recibido hace poco tiempo (Ariela Agostini) un gran valor que sea mujer\u2019<\/em><\/strong><\/p>\n<p><a href=\"https:\/\/vinasfm.com\/noticias\/wp-content\/uploads\/2021\/11\/WhatsApp-Image-2021-11-20-at-13.18.14.jpeg\"><img loading=\"lazy\" decoding=\"async\" class=\" wp-image-101538 aligncenter\" src=\"https:\/\/vinasfm.com\/noticias\/wp-content\/uploads\/2021\/11\/WhatsApp-Image-2021-11-20-at-13.18.14-300x225.jpeg\" alt=\"\" width=\"344\" height=\"258\" srcset=\"https:\/\/vinasfm.com\/noticias\/wp-content\/uploads\/2021\/11\/WhatsApp-Image-2021-11-20-at-13.18.14-300x225.jpeg 300w, https:\/\/vinasfm.com\/noticias\/wp-content\/uploads\/2021\/11\/WhatsApp-Image-2021-11-20-at-13.18.14-1024x768.jpeg 1024w, https:\/\/vinasfm.com\/noticias\/wp-content\/uploads\/2021\/11\/WhatsApp-Image-2021-11-20-at-13.18.14-768x576.jpeg 768w, https:\/\/vinasfm.com\/noticias\/wp-content\/uploads\/2021\/11\/WhatsApp-Image-2021-11-20-at-13.18.14.jpeg 1280w\" sizes=\"auto, (max-width: 344px) 100vw, 344px\" \/><\/a><\/p>\n<p>En esa l\u00ednea, Jorge especifico la ayuda que dar\u00e1n desde el municipio: <strong><em>\u2018desde la municipalidad m\u00e1s all\u00e1 de colaborar con los profesores y mantener el polideportivo, aparte de esto tendremos profesores que se har\u00e1n cargo de la organizaci\u00f3n del evento en log\u00edstica, nos haremos cargo del alojamiento y comida de los 30 \u00e1rbitros que vendr\u00e1n, la mayor parte de los gastos se los pagan los equipos ya que est\u00e1n acostumbrados a hacer estos gastos y resaltamos la ayuda desde el municipio de San Rafael que presta su polideportivo el cual se encuentra en Villa Atuel\u2019<\/em><\/strong><\/p>\n<p>&nbsp;<\/p>\n<p>&nbsp;<\/p>\n<p>&nbsp;<\/p>\n","protected":false},"excerpt":{"rendered":"<p>General Alvear se prepara para un nuevo evento de calidad en cuanto a lo deportivo, desde hoy lunes 9 hasta el &#8230;<\/p>\n","protected":false},"author":7,"featured_media":128131,"comment_status":"open","ping_status":"open","sticky":false,"template":"","format":"standard","meta":{"footnotes":""},"categories":[5,3],"tags":[],"class_list":["post-128123","post","type-post","status-publish","format-standard","has-post-thumbnail","hentry","category-actualidad","category-deportes"],"_links":{"self":[{"href":"https:\/\/vinasfm.com\/noticias\/wp-json\/wp\/v2\/posts\/128123","targetHints":{"allow":["GET"]}}],"collection":[{"href":"https:\/\/vinasfm.com\/noticias\/wp-json\/wp\/v2\/posts"}],"about":[{"href":"https:\/\/vinasfm.com\/noticias\/wp-json\/wp\/v2\/types\/post"}],"author":[{"embeddable":true,"href":"https:\/\/vinasfm.com\/noticias\/wp-json\/wp\/v2\/users\/7"}],"replies":[{"embeddable":true,"href":"https:\/\/vinasfm.com\/noticias\/wp-json\/wp\/v2\/comments?post=128123"}],"version-history":[{"count":2,"href":"https:\/\/vinasfm.com\/noticias\/wp-json\/wp\/v2\/posts\/128123\/revisions"}],"predecessor-version":[{"id":128132,"href":"https:\/\/vinasfm.com\/noticias\/wp-json\/wp\/v2\/posts\/128123\/revisions\/128132"}],"wp:featuredmedia":[{"embeddable":true,"href":"https:\/\/vinasfm.com\/noticias\/wp-json\/wp\/v2\/media\/128131"}],"wp:attachment":[{"href":"https:\/\/vinasfm.com\/noticias\/wp-json\/wp\/v2\/media?parent=128123"}],"wp:term":[{"taxonomy":"category","embeddable":true,"href":"https:\/\/vinasfm.com\/noticias\/wp-json\/wp\/v2\/categories?post=128123"},{"taxonomy":"post_tag","embeddable":true,"href":"https:\/\/vinasfm.com\/noticias\/wp-json\/wp\/v2\/tags?post=128123"}],"curies":[{"name":"wp","href":"https:\/\/api.w.org\/{rel}","templated":true}]}}