{"id":128118,"date":"2023-10-07T10:44:30","date_gmt":"2023-10-07T13:44:30","guid":{"rendered":"https:\/\/vinasfm.com\/noticias\/?p=128118"},"modified":"2023-10-09T09:23:29","modified_gmt":"2023-10-09T12:23:29","slug":"mendoza-se-comprometio-a-potenciar-la-alfabetizacion-la-lectura-y-la-escritura-junto-a-otros-paises","status":"publish","type":"post","link":"https:\/\/vinasfm.com\/noticias\/mendoza-se-comprometio-a-potenciar-la-alfabetizacion-la-lectura-y-la-escritura-junto-a-otros-paises\/","title":{"rendered":"MENDOZA SE COMPROMETI\u00d3 A POTENCIAR LA ALFABETIZACI\u00d3N, LA LECTURA Y LA ESCRITURA JUNTO A OTROS PA\u00cdSES"},"content":{"rendered":"<p><span style=\"color: #000000;\"><strong>Fue luego de la firma de un acta compromiso que se sell\u00f3 en el Cerro de la Gloria. La actividad se dio en el marco del Congreso Internacional de Alfabetizaci\u00f3n, Lectura y Escritura, que tiene como sede a Mendoza y que cuenta con la participaci\u00f3n de destacados especialistas, ministros y secretarios de Educaci\u00f3n de Am\u00e9rica Latina y autoridades del Banco Mundial.<\/strong><\/span><\/p>\n<p><span style=\"color: #000000;\">El Gobernador, Rodolfo Suarez, firm\u00f3 la <strong><em>\u201cDeclaraci\u00f3n por la Alfabetizaci\u00f3n, la Lectura y la Escritura en Am\u00e9rica Latina\u201d<\/em><\/strong> junto con el mandatario electo, Alfredo Cornejo, y el director general de Escuelas, Jos\u00e9 Thomas. La r\u00fabrica se dio en el marco del Congreso Internacional de Alfabetizaci\u00f3n, Lectura y Escritura, que tiene como sede a Mendoza y que cuenta con la participaci\u00f3n de destacados especialistas, ministros y secretarios de Educaci\u00f3n de Am\u00e9rica Latina y autoridades del Banco Mundial.<\/span><\/p>\n<p><span style=\"color: #000000;\">La firma se realiz\u00f3 en el Cerro de la Gloria, donde estuvieron presentes la directora del Banco Mundial para Argentina, Uruguay y Paraguay, Marianne Fay; la vicegobernadora electa, Hebe Casado; el candidato a vicepresidente de la Naci\u00f3n de Juntos por el Cambio, Luis Petri; la senadora nacional Mariana Juri, y los aspirantes al Congreso de la Naci\u00f3n Lisandro Nieri y Patricia Gim\u00e9nez, adem\u00e1s de autoridades legislativas.<\/span><\/p>\n<p><img loading=\"lazy\" decoding=\"async\" class=\"\" src=\"https:\/\/www.mendoza.gov.ar\/wp-content\/uploads\/sites\/5\/2023\/10\/DSC_5798-700x424.jpg\" width=\"302\" height=\"183\" \/><\/p>\n<p><img loading=\"lazy\" decoding=\"async\" class=\"\" src=\"https:\/\/www.mendoza.gov.ar\/wp-content\/uploads\/sites\/5\/2023\/10\/DSC_5934-700x467.jpg\" width=\"302\" height=\"201\" \/><\/p>\n<p><span style=\"color: #000000;\">En la declaraci\u00f3n, los firmantes reconocen la importancia fundamental de la alfabetizaci\u00f3n, la lectura y la escritura como cimiento del desarrollo individual y colectivo en Am\u00e9rica Latina.<\/span><\/p>\n<p><span style=\"color: #000000;\"><em><strong>\u201cCreemos en el poder transformador de la alfabetizaci\u00f3n como instrumento de libertad, para construir sociedades democr\u00e1ticas m\u00e1s justas, inclusivas y pr\u00f3speras\u201d<\/strong><\/em>, sostiene el documento, y agrega: <em><strong>\u201cCreemos que cada individuo tiene el derecho humano fundamental a aprender a leer y escribir, como prerrequisito para acceder a la cultura letrada en la que desplegar su potencial cr\u00edtico y participativo, en ejercicio pleno de la ciudadan\u00eda\u201d.<\/strong><\/em><\/span><\/p>\n<p><span style=\"color: #000000;\">Ante esto, expresaron su compromiso <strong><em>\u201cinquebrantable de apoyar y promover activamente iniciativas de alfabetizaci\u00f3n en la regi\u00f3n, ante el contexto de urgencia emergente de la p\u00e9rdida de aprendizajes por la pandemia de COVID y su consecuente cierre de escuelas\u201d.<\/em><\/strong><\/span><\/p>\n<p><img loading=\"lazy\" decoding=\"async\" class=\"\" src=\"https:\/\/www.mendoza.gov.ar\/wp-content\/uploads\/sites\/5\/2023\/10\/DSC_5841-700x445.jpg\" width=\"330\" height=\"210\" \/><\/p>\n<p><span style=\"color: #000000;\">Teniendo en cuenta estos conceptos, se comprometieron a <em><strong>\u201cpromover de manera urgente el logro de competencias b\u00e1sicas en lectura y escritura en todos los estudiantes del sistema educativo, especialmente en las comunidades m\u00e1s vulnerables\u201d.<\/strong><\/em> Asimismo, pusieron el acento en liderar y fomentar programas de alfabetizaci\u00f3n que favorezcan el desarrollo de la lectura y la escritura, integrando los avances de la ciencia de la lectura, que hoy aporta s\u00f3lidas bases para la adopci\u00f3n de enfoques y la toma de decisiones metodol\u00f3gicas m\u00e1s efectivas.<\/span><\/p>\n<p><span style=\"color: #000000;\"><strong><em>\u201cFavorecer el desarrollo de sistemas de informaci\u00f3n que permitan un mayor conocimiento de las trayectorias educativas reales y garanticen la optimizaci\u00f3n en la asignaci\u00f3n de los recursos, sobre criterios equitativos y sostenibles\u201d<\/em><\/strong>, afirmaron los firmantes y refrendaron la idea de promover, establecer y sostener alianzas nacionales y regionales que favorezcan el intercambio de experiencias, a fin de fortalecer los programas de alfabetizaci\u00f3n, lectura y escritura.<\/span><\/p>\n","protected":false},"excerpt":{"rendered":"<p>Fue luego de la firma de un acta compromiso que se sell\u00f3 en el Cerro de la Gloria. La actividad se &#8230;<\/p>\n","protected":false},"author":7,"featured_media":128119,"comment_status":"open","ping_status":"open","sticky":false,"template":"","format":"standard","meta":{"footnotes":""},"categories":[5,18],"tags":[],"class_list":["post-128118","post","type-post","status-publish","format-standard","has-post-thumbnail","hentry","category-actualidad","category-educacion"],"_links":{"self":[{"href":"https:\/\/vinasfm.com\/noticias\/wp-json\/wp\/v2\/posts\/128118","targetHints":{"allow":["GET"]}}],"collection":[{"href":"https:\/\/vinasfm.com\/noticias\/wp-json\/wp\/v2\/posts"}],"about":[{"href":"https:\/\/vinasfm.com\/noticias\/wp-json\/wp\/v2\/types\/post"}],"author":[{"embeddable":true,"href":"https:\/\/vinasfm.com\/noticias\/wp-json\/wp\/v2\/users\/7"}],"replies":[{"embeddable":true,"href":"https:\/\/vinasfm.com\/noticias\/wp-json\/wp\/v2\/comments?post=128118"}],"version-history":[{"count":2,"href":"https:\/\/vinasfm.com\/noticias\/wp-json\/wp\/v2\/posts\/128118\/revisions"}],"predecessor-version":[{"id":128152,"href":"https:\/\/vinasfm.com\/noticias\/wp-json\/wp\/v2\/posts\/128118\/revisions\/128152"}],"wp:featuredmedia":[{"embeddable":true,"href":"https:\/\/vinasfm.com\/noticias\/wp-json\/wp\/v2\/media\/128119"}],"wp:attachment":[{"href":"https:\/\/vinasfm.com\/noticias\/wp-json\/wp\/v2\/media?parent=128118"}],"wp:term":[{"taxonomy":"category","embeddable":true,"href":"https:\/\/vinasfm.com\/noticias\/wp-json\/wp\/v2\/categories?post=128118"},{"taxonomy":"post_tag","embeddable":true,"href":"https:\/\/vinasfm.com\/noticias\/wp-json\/wp\/v2\/tags?post=128118"}],"curies":[{"name":"wp","href":"https:\/\/api.w.org\/{rel}","templated":true}]}}