{"id":128111,"date":"2023-10-07T10:24:51","date_gmt":"2023-10-07T13:24:51","guid":{"rendered":"https:\/\/vinasfm.com\/noticias\/?p=128111"},"modified":"2023-10-07T10:24:51","modified_gmt":"2023-10-07T13:24:51","slug":"segundo-debate-presidencial-2023-todo-lo-que-hay-que-saber-antes-del-nuevo-cruce-de-los-candidatos","status":"publish","type":"post","link":"https:\/\/vinasfm.com\/noticias\/segundo-debate-presidencial-2023-todo-lo-que-hay-que-saber-antes-del-nuevo-cruce-de-los-candidatos\/","title":{"rendered":"SEGUNDO DEBATE PRESIDENCIAL 2023: TODO LO QUE HAY QUE SABER ANTES DEL NUEVO CRUCE DE LOS CANDIDATOS"},"content":{"rendered":"<p><strong>Los postulantes a la Presidencia se reencontrar\u00e1n este domingo para volver a exponer sus propuestas de cara a las elecciones del 22 de octubre. Qu\u00e9 es el derecho a r\u00e9plica, c\u00f3mo se eligi\u00f3 la sede y todos los detalles<\/strong><\/p>\n<p class=\"paragraph\" data-mrf-recirculation=\"Links inline\">Luego de lo que fue el<i>\u00a0<\/i><i>primer encuentro entre los candidatos<\/i><i>\u00a0<\/i>presidenciales en Santiago del Estero, este domingo la Facultad de Derecho de la Universidad de Buenos Aires albergar\u00e1 el\u00a0<i><b>segundo debate presidencial<\/b><\/i><b>\u00a0<\/b>de cara a las elecciones generales del pr\u00f3ximo<b>\u00a022 de octubre.<\/b><\/p>\n<h2 class=\"header headline-class-h2\">\u00bfCu\u00e1ndo y a qu\u00e9 hora es el segundo debate presidencial 2023?<\/h2>\n<p class=\"paragraph\" data-mrf-recirculation=\"Links inline\">El evento se desarrollar\u00e1 el pr\u00f3ximo domingo 8 de octubre, a partir de las\u00a0<b>21 horas<\/b>.<\/p>\n<p class=\"paragraph\" data-mrf-recirculation=\"Links inline\">En dicha sede de la UBA, ubicada en avenida Figueroa Alcorta al 2200, ciudad de Buenos Aires, tambi\u00e9n se llevar\u00e1 a cabo<b>\u00a0<\/b>el\u00a0<b>debate de una eventual segunda vuelta<\/b>, que tiene fecha para el\u00a0<b>12 de noviembre<\/b>.<\/p>\n<h2 class=\"header headline-class-h2\">\u00bfQui\u00e9nes son los candidatos que participar\u00e1n del debate?<\/h2>\n<p class=\"paragraph\" data-mrf-recirculation=\"Links inline\">En el segundo cruce de aspirantes a Jefe de Estado, los protagonistas ser\u00e1n los mismos que participaron el pasado domingo. Ellos son:<\/p>\n<ul class=\"list\" data-icon=\"\u2b24\">\n<li data-icon=\"\u2b24\"><b>Javier Milei\u00a0<\/b>(La Libertad Avanza)<\/li>\n<li data-icon=\"\u2b24\"><b>Sergio Massa<\/b>\u00a0(Uni\u00f3n por la Patria)<\/li>\n<li data-icon=\"\u2b24\"><b>Patricia Bullrich<\/b>\u00a0(Juntos por el Cambio)<\/li>\n<li data-icon=\"\u2b24\"><b>Juan Schiaretti\u00a0<\/b>(Hacemos por Nuestro Pa\u00eds)<\/li>\n<li data-icon=\"\u2b24\"><b>Myriam Bregman<\/b>\u00a0(Frente de Izquierda y de los Trabajadores Unidad)<\/li>\n<\/ul>\n<p><img loading=\"lazy\" decoding=\"async\" class=\"\" src=\"https:\/\/www.infobae.com\/new-resizer\/-tI3LzdiSssATRDZcJGZUHOmjXQ=\/arc-anglerfish-arc2-prod-infobae\/public\/KUCWRUIQRZFJLJ7J366GIOTZRY.JPG\" alt=\"Los participantes del primer debate presidencial que se realiz\u00f3 en Santiago del Estero. \" width=\"399\" height=\"266\" \/><\/p>\n<h2 class=\"header headline-class-h2\">\u00bfCu\u00e1les ser\u00e1n los temas del segundo debate presidencial 2023?<\/h2>\n<p class=\"paragraph\" data-mrf-recirculation=\"Links inline\">En el segundo debate, los aspirantes a cargos p\u00fablicos abordar\u00e1n temas como \u201c<b>Seguridad<\/b>\u201d, \u201c<b>Trabajo y producci\u00f3n<\/b>\u201d y \u201c<b>Desarrollo Humano, Vivienda y Protecci\u00f3n del Ambiente<\/b>\u201d. Este \u00faltimo t\u00f3pico fue incluido por pedido de la gente y\u00a0<i>se vot\u00f3 a trav\u00e9s de la plataforma en l\u00ednea<\/i><i>\u00a0<\/i>en la C\u00e1mara Nacional Electoral (CNE), entre el 14 y el 16 de septiembre.<\/p>\n<h2 class=\"header headline-class-h2\">\u00bfC\u00f3mo es la estructura del segundo debate presidencial?<\/h2>\n<p class=\"paragraph\" data-mrf-recirculation=\"Links inline\">La estructura de este debate\u00a0<b>ser\u00e1 similar\u00a0<\/b>que la del anterior. El orden de apertura de cada bloque ir\u00e1 rotando, de modo que todos los candidatos puedan exponer primero en alguna de las secciones.<\/p>\n<ul class=\"list\" data-icon=\"\u2b24\">\n<li data-icon=\"\u2b24\"><b>Presentaci\u00f3n.\u00a0<\/b>Los candidatos tienen 1 minuto para la apertura. Ser\u00e1 iniciada por Javier Milei. En esta secci\u00f3n durar\u00e1 en total 12 minutos.<\/li>\n<li data-icon=\"\u2b24\"><b>Primer eje tem\u00e1tico<\/b>. En este segundo debate presidencial ser\u00e1 \u201cSeguridad\u201d. La primera en intervenir ser\u00e1 Patricia Bullrich y durar\u00e1 en total 21 minutos.<\/li>\n<li data-icon=\"\u2b24\"><b>Segundo bloque tem\u00e1tico<\/b>. Ser\u00e1 \u201cProducci\u00f3n y Trabajo\u201d. El primero en tener la palabra ser\u00e1 Juan Schiaretti, y este bloque durar\u00e1 22 minutos y 15 segundos aproximadamente.<\/li>\n<li data-icon=\"\u2b24\"><b>Tercer bloque tem\u00e1tico<\/b>. Ser\u00e1 \u201cDesarrollo Humano, Vivienda y Protecci\u00f3n del Ambiente\u201d. El primero en intervenir ser\u00e1 Sergio Massa, y durar\u00e1 21 minutos y 15 segundos.<\/li>\n<li data-icon=\"\u2b24\"><b>Preguntas cruzadas<\/b>. En esta secci\u00f3n\u00a0todos los candidatos har\u00e1n preguntas\u00a0y responder\u00e1n las de sus oponentes. Durar\u00e1 25 minutos y 10 segundos y comenzar\u00e1 con la pregunta de Patricia Bullrich a Javier Milei.<\/li>\n<li data-icon=\"\u2b24\"><b>Cierre<\/b>. Los candidatos tendr\u00e1n un minuto en este bloque, que comenzar\u00e1 con la intervenci\u00f3n de Myriam Bregman.<\/li>\n<\/ul>\n<p class=\"paragraph\" data-mrf-recirculation=\"Links inline\">A su vez, es importante destacar que cada participante poseer\u00e1 hasta\u00a0<b>cinco oportunidades de\u00a0<\/b><i><b>derecho a r\u00e9plica<\/b><\/i>, de 45 segundos cada una. Las mismas se pueden pedir por un bot\u00f3n verde que est\u00e1 en el estrado y los moderadores dar\u00e1n lugar por orden de llegada.<\/p>\n<h2 class=\"header headline-class-h2\">\u00bfCu\u00e1l es la ubicaci\u00f3n de los candidatos?<\/h2>\n<p class=\"paragraph\" data-mrf-recirculation=\"Links inline\">Para este segundo encuentro de los postulantes a presidentes se modificar\u00e1 la ubicaci\u00f3n de los mismos, de acuerdo al debate que se desarroll\u00f3 en Santiago del Estero. En esta oportunidad, el orden ser\u00e1:<b>\u00a0Juan Schiaretti, Patricia Bullrich, Javier Milei, Myriam Bregman y Sergio Massa.<\/b><\/p>\n<p data-mrf-recirculation=\"Links inline\">Vale recordar que, el domingo pasado, los candidatos<b>\u00a0<\/b>estaban ubicados de izquierda a derecha\u00a0<b>Bregman, Massa, Bullrich, Schiaretti y Milei.<\/b><\/p>\n<p data-mrf-recirculation=\"Links inline\">\n","protected":false},"excerpt":{"rendered":"<p>Los postulantes a la Presidencia se reencontrar\u00e1n este domingo para volver a exponer sus propuestas de cara a las elecciones del &#8230;<\/p>\n","protected":false},"author":7,"featured_media":128113,"comment_status":"open","ping_status":"open","sticky":false,"template":"","format":"standard","meta":{"footnotes":""},"categories":[1],"tags":[],"class_list":["post-128111","post","type-post","status-publish","format-standard","has-post-thumbnail","hentry","category-fmvinas"],"_links":{"self":[{"href":"https:\/\/vinasfm.com\/noticias\/wp-json\/wp\/v2\/posts\/128111","targetHints":{"allow":["GET"]}}],"collection":[{"href":"https:\/\/vinasfm.com\/noticias\/wp-json\/wp\/v2\/posts"}],"about":[{"href":"https:\/\/vinasfm.com\/noticias\/wp-json\/wp\/v2\/types\/post"}],"author":[{"embeddable":true,"href":"https:\/\/vinasfm.com\/noticias\/wp-json\/wp\/v2\/users\/7"}],"replies":[{"embeddable":true,"href":"https:\/\/vinasfm.com\/noticias\/wp-json\/wp\/v2\/comments?post=128111"}],"version-history":[{"count":1,"href":"https:\/\/vinasfm.com\/noticias\/wp-json\/wp\/v2\/posts\/128111\/revisions"}],"predecessor-version":[{"id":128114,"href":"https:\/\/vinasfm.com\/noticias\/wp-json\/wp\/v2\/posts\/128111\/revisions\/128114"}],"wp:featuredmedia":[{"embeddable":true,"href":"https:\/\/vinasfm.com\/noticias\/wp-json\/wp\/v2\/media\/128113"}],"wp:attachment":[{"href":"https:\/\/vinasfm.com\/noticias\/wp-json\/wp\/v2\/media?parent=128111"}],"wp:term":[{"taxonomy":"category","embeddable":true,"href":"https:\/\/vinasfm.com\/noticias\/wp-json\/wp\/v2\/categories?post=128111"},{"taxonomy":"post_tag","embeddable":true,"href":"https:\/\/vinasfm.com\/noticias\/wp-json\/wp\/v2\/tags?post=128111"}],"curies":[{"name":"wp","href":"https:\/\/api.w.org\/{rel}","templated":true}]}}