{"id":128042,"date":"2023-10-05T20:26:17","date_gmt":"2023-10-05T23:26:17","guid":{"rendered":"https:\/\/vinasfm.com\/noticias\/?p=128042"},"modified":"2023-10-07T10:46:38","modified_gmt":"2023-10-07T13:46:38","slug":"general-alvear-brillo-en-la-fit-2023","status":"publish","type":"post","link":"https:\/\/vinasfm.com\/noticias\/general-alvear-brillo-en-la-fit-2023\/","title":{"rendered":"GENERAL ALVEAR BRILL\u00d3 EN LA FIT 2023"},"content":{"rendered":"<p><strong><span style=\"color: #000000;\">Con Italia como pa\u00eds invitado, miles de prestadores tur\u00edsticos participaron de la Feria Internacional del Turismo, que se realiz\u00f3 desde al 30 de septiembre al 3 de octubre en La Rural.<\/span><\/strong><\/p>\n<p><span style=\"color: #000000;\">Roberto \u00abMemo\u00bb Sim\u00f3n, Director de Tur\u00edsmo, destac\u00f3 el <em><strong>\u00abgran trabajo de promoci\u00f3n del Sur Mendocino como destino tur\u00edstico, que ha tomado gran importancia en los \u00faltimos a\u00f1os\u00bb.<\/strong><\/em><\/span><\/p>\n<p><span style=\"color: #000000;\">La FIT se desarroll\u00f3 el \u00faltimo fin de semana, los dos primero d\u00edas estuvo abierta al p\u00fablico en general y los \u00faltimos 2 d\u00edas fue exclusivo para agencias y prestadores. En esta nueva edici\u00f3n se present\u00f3 la Temporada de Verano y la oferta tur\u00edstica.<\/span><\/p>\n<p><span style=\"color: #000000;\">Sim\u00f3n, destac\u00f3 a <em><strong>\u00abMendoza como un gran atractivo tur\u00edstico tanto nacional como internacional\u00bb.<\/strong><\/em> Adem\u00e1s, la gran afluencia tur\u00edstica que llega a la provincia ofrece grandes oportunidades a parajes y departamentos peque\u00f1os como lo es General Alvear.<em><strong> \u00abNuestro objetivo es dejar de ser un lugar de paso y que las personas comiencen a valorar y verse atra\u00eddas por el turismo rural y sustentable\u00bb.\u00a0<\/strong><\/em><\/span><\/p>\n<p><a href=\"https:\/\/vinasfm.com\/noticias\/wp-content\/uploads\/2023\/10\/WhatsApp-Image-2023-10-03-at-10.21.54.jpeg\"><img loading=\"lazy\" decoding=\"async\" class=\"alignnone wp-image-127883\" src=\"https:\/\/vinasfm.com\/noticias\/wp-content\/uploads\/2023\/10\/WhatsApp-Image-2023-10-03-at-10.21.54.jpeg\" alt=\"\" width=\"500\" height=\"283\" srcset=\"https:\/\/vinasfm.com\/noticias\/wp-content\/uploads\/2023\/10\/WhatsApp-Image-2023-10-03-at-10.21.54.jpeg 768w, https:\/\/vinasfm.com\/noticias\/wp-content\/uploads\/2023\/10\/WhatsApp-Image-2023-10-03-at-10.21.54-300x170.jpeg 300w\" sizes=\"auto, (max-width: 500px) 100vw, 500px\" \/><\/a><\/p>\n<p><span style=\"color: #000000;\">Luisina Rigoldi, Reina Departamental de la Vendimia, fue una grandes expositoras de General Alvear como atractivo tur\u00edstico: <em><strong>\u00abLa FIT tiene como objetivo promovernos, desde ah\u00ed logramos atraer a miles de posibles turistas que se vieron seducidos por nuestras propuestas\u00bb.\u00a0<\/strong><\/em><\/span><\/p>\n<p><span style=\"color: #000000;\">Por \u00faltimo, Rigoldi sostuvo<em><strong> \u00abLa FIT abra puertas pero sobre todo da la posibilidad de generar contactos importantes para el interior del pa\u00eds\u00bb.<\/strong><\/em><\/span><\/p>\n","protected":false},"excerpt":{"rendered":"<p>Con Italia como pa\u00eds invitado, miles de prestadores tur\u00edsticos participaron de la Feria Internacional del Turismo, que se realiz\u00f3 desde al &#8230;<\/p>\n","protected":false},"author":7,"featured_media":128043,"comment_status":"open","ping_status":"open","sticky":false,"template":"","format":"standard","meta":{"footnotes":""},"categories":[5,21],"tags":[],"class_list":["post-128042","post","type-post","status-publish","format-standard","has-post-thumbnail","hentry","category-actualidad","category-turismo-2"],"_links":{"self":[{"href":"https:\/\/vinasfm.com\/noticias\/wp-json\/wp\/v2\/posts\/128042","targetHints":{"allow":["GET"]}}],"collection":[{"href":"https:\/\/vinasfm.com\/noticias\/wp-json\/wp\/v2\/posts"}],"about":[{"href":"https:\/\/vinasfm.com\/noticias\/wp-json\/wp\/v2\/types\/post"}],"author":[{"embeddable":true,"href":"https:\/\/vinasfm.com\/noticias\/wp-json\/wp\/v2\/users\/7"}],"replies":[{"embeddable":true,"href":"https:\/\/vinasfm.com\/noticias\/wp-json\/wp\/v2\/comments?post=128042"}],"version-history":[{"count":1,"href":"https:\/\/vinasfm.com\/noticias\/wp-json\/wp\/v2\/posts\/128042\/revisions"}],"predecessor-version":[{"id":128044,"href":"https:\/\/vinasfm.com\/noticias\/wp-json\/wp\/v2\/posts\/128042\/revisions\/128044"}],"wp:featuredmedia":[{"embeddable":true,"href":"https:\/\/vinasfm.com\/noticias\/wp-json\/wp\/v2\/media\/128043"}],"wp:attachment":[{"href":"https:\/\/vinasfm.com\/noticias\/wp-json\/wp\/v2\/media?parent=128042"}],"wp:term":[{"taxonomy":"category","embeddable":true,"href":"https:\/\/vinasfm.com\/noticias\/wp-json\/wp\/v2\/categories?post=128042"},{"taxonomy":"post_tag","embeddable":true,"href":"https:\/\/vinasfm.com\/noticias\/wp-json\/wp\/v2\/tags?post=128042"}],"curies":[{"name":"wp","href":"https:\/\/api.w.org\/{rel}","templated":true}]}}