{"id":128037,"date":"2023-10-05T19:21:18","date_gmt":"2023-10-05T22:21:18","guid":{"rendered":"https:\/\/vinasfm.com\/noticias\/?p=128037"},"modified":"2023-10-05T19:21:18","modified_gmt":"2023-10-05T22:21:18","slug":"jornada-regional-de-inclusion","status":"publish","type":"post","link":"https:\/\/vinasfm.com\/noticias\/jornada-regional-de-inclusion\/","title":{"rendered":"JORNADA REGIONAL DE INCLUSI\u00d3N"},"content":{"rendered":"<p><span style=\"color: #000000;\"><strong>La concejal Hebe Katzer, brind\u00f3 detalles de la jornada que se realizar\u00e1 el pr\u00f3ximo 12 de octubre, en el Sal\u00f3n San Mart\u00edn del HCD.<\/strong><\/span><\/p>\n<p><span style=\"color: #000000;\">En octubre se conmemora el mes de inclusi\u00f3n, con el objetivo de concientizar a la sociedad sobre la incorporaci\u00f3n a la personas con discapacidad en actividades cotidianas. Es por tal motivo que<em><strong> \u00abse ha organizado una Jornada de Discapacidad, Accesibilidad Universal y Salud Mental\u00bb<\/strong><\/em>, se\u00f1al\u00f3 Hebe Katzer.<\/span><\/p>\n<p><a href=\"https:\/\/vinasfm.com\/noticias\/wp-content\/uploads\/2023\/10\/1696544244291.jpg\"><img loading=\"lazy\" decoding=\"async\" class=\"alignnone wp-image-128038\" src=\"https:\/\/vinasfm.com\/noticias\/wp-content\/uploads\/2023\/10\/1696544244291.jpg\" alt=\"\" width=\"400\" height=\"400\" srcset=\"https:\/\/vinasfm.com\/noticias\/wp-content\/uploads\/2023\/10\/1696544244291.jpg 720w, https:\/\/vinasfm.com\/noticias\/wp-content\/uploads\/2023\/10\/1696544244291-300x300.jpg 300w, https:\/\/vinasfm.com\/noticias\/wp-content\/uploads\/2023\/10\/1696544244291-150x150.jpg 150w, https:\/\/vinasfm.com\/noticias\/wp-content\/uploads\/2023\/10\/1696544244291-360x360.jpg 360w\" sizes=\"auto, (max-width: 400px) 100vw, 400px\" \/><\/a><\/p>\n<p><span style=\"color: #000000;\">La actividad se realiza en conjunto a la Asesor\u00eda de Discapacidad del Municipio y el IES Salvador Calafat. <em><strong>\u00abTendremos presentes a profesionales del Observatorio de Discapacidad de la Provincia, quienes brindar\u00e1n charlas sobre distintos temas\u00bb.\u00a0<\/strong><\/em><\/span><\/p>\n<p><span style=\"color: #000000;\">Katzer, se\u00f1al\u00f3 que <em><strong>\u00abestamos en un modelo de discapacidad social en donde el entorno es quien impone barrera (comunicativas, edilicias, etc.) a las personas con discapacidad\u00bb.<\/strong><\/em><\/span><\/p>\n<p><span style=\"color: #000000;\">El Municipio ha tenido un gran avance en materia de inclusi\u00f3n, restaurando veredas, creando rampas y reacondicionado el Edificio Municipal.<\/span><\/p>\n","protected":false},"excerpt":{"rendered":"<p>La concejal Hebe Katzer, brind\u00f3 detalles de la jornada que se realizar\u00e1 el pr\u00f3ximo 12 de octubre, en el Sal\u00f3n San &#8230;<\/p>\n","protected":false},"author":7,"featured_media":128039,"comment_status":"open","ping_status":"open","sticky":false,"template":"","format":"standard","meta":{"footnotes":""},"categories":[1],"tags":[],"class_list":["post-128037","post","type-post","status-publish","format-standard","has-post-thumbnail","hentry","category-fmvinas"],"_links":{"self":[{"href":"https:\/\/vinasfm.com\/noticias\/wp-json\/wp\/v2\/posts\/128037","targetHints":{"allow":["GET"]}}],"collection":[{"href":"https:\/\/vinasfm.com\/noticias\/wp-json\/wp\/v2\/posts"}],"about":[{"href":"https:\/\/vinasfm.com\/noticias\/wp-json\/wp\/v2\/types\/post"}],"author":[{"embeddable":true,"href":"https:\/\/vinasfm.com\/noticias\/wp-json\/wp\/v2\/users\/7"}],"replies":[{"embeddable":true,"href":"https:\/\/vinasfm.com\/noticias\/wp-json\/wp\/v2\/comments?post=128037"}],"version-history":[{"count":1,"href":"https:\/\/vinasfm.com\/noticias\/wp-json\/wp\/v2\/posts\/128037\/revisions"}],"predecessor-version":[{"id":128040,"href":"https:\/\/vinasfm.com\/noticias\/wp-json\/wp\/v2\/posts\/128037\/revisions\/128040"}],"wp:featuredmedia":[{"embeddable":true,"href":"https:\/\/vinasfm.com\/noticias\/wp-json\/wp\/v2\/media\/128039"}],"wp:attachment":[{"href":"https:\/\/vinasfm.com\/noticias\/wp-json\/wp\/v2\/media?parent=128037"}],"wp:term":[{"taxonomy":"category","embeddable":true,"href":"https:\/\/vinasfm.com\/noticias\/wp-json\/wp\/v2\/categories?post=128037"},{"taxonomy":"post_tag","embeddable":true,"href":"https:\/\/vinasfm.com\/noticias\/wp-json\/wp\/v2\/tags?post=128037"}],"curies":[{"name":"wp","href":"https:\/\/api.w.org\/{rel}","templated":true}]}}