{"id":128034,"date":"2023-10-05T18:58:46","date_gmt":"2023-10-05T21:58:46","guid":{"rendered":"https:\/\/vinasfm.com\/noticias\/?p=128034"},"modified":"2023-10-05T18:58:46","modified_gmt":"2023-10-05T21:58:46","slug":"en-el-dia-del-camino-y-del-trabajador-vial-victor-alvarez-destaco-el-trabajo-de-la-dpv","status":"publish","type":"post","link":"https:\/\/vinasfm.com\/noticias\/en-el-dia-del-camino-y-del-trabajador-vial-victor-alvarez-destaco-el-trabajo-de-la-dpv\/","title":{"rendered":"EN EL D\u00cdA DEL CAMINO Y DEL TRABAJADOR VIAL, V\u00cdCTOR \u00c1LVAREZ DESTAC\u00d3 EL TRABAJO DE LA DPV"},"content":{"rendered":"<p><span style=\"color: #000000;\"><strong>El Consejero por la Zona Sur de Vialidad Provincial, sostuvo que los trabajadores de la DPV hacen una tarea muy noble en todo el territorio provincial.<\/strong><\/span><\/p>\n<p><span style=\"color: #000000;\">El 5 de octubre de 1925 se realiz\u00f3 el Primer Congreso Panamericano de Carreteras, dando origen a distintas Direcciones Provinciales de Vialidad. Este 2023, la direcci\u00f3n Mendocina cumple 90 a\u00f1os <strong><em>\u00aby va a cumplir muchos m\u00e1s porque no hay instituci\u00f3n cuya tarea se compare con la nuestra\u00bb<\/em><\/strong>, manifest\u00f3 \u00c1lvarez.<\/span><\/p>\n<p><span style=\"color: #000000;\">Mendoza cuenta con 700 trabajadores que pertenecen a Direcci\u00f3n Provincial de Vialidad, cerca de 160 de ellos trabajan en el sur. <em><strong>\u00abTenemos 7.000 kil\u00f3metros de rutas que se dividen en caminos ganaderos, rurales y asfaltados en donde siempre realizamos un mantenimiento intenso\u00bb<\/strong><\/em>, expres\u00f3.<\/span><\/p>\n<p><span style=\"color: #000000;\">Principalmente en el Sur Mendocino, Vialidad realiza arduas tareas en los caminos ganaderos ya que estos se ven sumamente afectados de la gran sequ\u00eda que azota a la provincia desde hace d\u00e9cadas. El principal objetivo es dar las condiciones necesarias para que tanto transportistas como cualquier otro tipo de veh\u00edculo pueda viajar de forma segura por las rutas y caminos.<\/span><\/p>\n","protected":false},"excerpt":{"rendered":"<p>El Consejero por la Zona Sur de Vialidad Provincial, sostuvo que los trabajadores de la DPV hacen una tarea muy noble &#8230;<\/p>\n","protected":false},"author":7,"featured_media":128035,"comment_status":"open","ping_status":"open","sticky":false,"template":"","format":"standard","meta":{"footnotes":""},"categories":[1],"tags":[],"class_list":["post-128034","post","type-post","status-publish","format-standard","has-post-thumbnail","hentry","category-fmvinas"],"_links":{"self":[{"href":"https:\/\/vinasfm.com\/noticias\/wp-json\/wp\/v2\/posts\/128034","targetHints":{"allow":["GET"]}}],"collection":[{"href":"https:\/\/vinasfm.com\/noticias\/wp-json\/wp\/v2\/posts"}],"about":[{"href":"https:\/\/vinasfm.com\/noticias\/wp-json\/wp\/v2\/types\/post"}],"author":[{"embeddable":true,"href":"https:\/\/vinasfm.com\/noticias\/wp-json\/wp\/v2\/users\/7"}],"replies":[{"embeddable":true,"href":"https:\/\/vinasfm.com\/noticias\/wp-json\/wp\/v2\/comments?post=128034"}],"version-history":[{"count":1,"href":"https:\/\/vinasfm.com\/noticias\/wp-json\/wp\/v2\/posts\/128034\/revisions"}],"predecessor-version":[{"id":128036,"href":"https:\/\/vinasfm.com\/noticias\/wp-json\/wp\/v2\/posts\/128034\/revisions\/128036"}],"wp:featuredmedia":[{"embeddable":true,"href":"https:\/\/vinasfm.com\/noticias\/wp-json\/wp\/v2\/media\/128035"}],"wp:attachment":[{"href":"https:\/\/vinasfm.com\/noticias\/wp-json\/wp\/v2\/media?parent=128034"}],"wp:term":[{"taxonomy":"category","embeddable":true,"href":"https:\/\/vinasfm.com\/noticias\/wp-json\/wp\/v2\/categories?post=128034"},{"taxonomy":"post_tag","embeddable":true,"href":"https:\/\/vinasfm.com\/noticias\/wp-json\/wp\/v2\/tags?post=128034"}],"curies":[{"name":"wp","href":"https:\/\/api.w.org\/{rel}","templated":true}]}}