{"id":127986,"date":"2023-10-05T09:23:24","date_gmt":"2023-10-05T12:23:24","guid":{"rendered":"https:\/\/vinasfm.com\/noticias\/?p=127986"},"modified":"2023-10-06T08:28:23","modified_gmt":"2023-10-06T11:28:23","slug":"se-llevo-a-cabo-la-reunion-extraordinaria-de-la-liga-alvearense","status":"publish","type":"post","link":"https:\/\/vinasfm.com\/noticias\/se-llevo-a-cabo-la-reunion-extraordinaria-de-la-liga-alvearense\/","title":{"rendered":"SE LLEV\u00d3 A CABO LA REUNI\u00d3N EXTRAORDINARIA DE LA LIGA ALVEARENSE"},"content":{"rendered":"<h4>En el d\u00eda de ayer Homero Di Berardino Presidente de la Liga Alvearense convoc\u00f3 una Reuni\u00f3n Extraordinaria para dar aceptaci\u00f3n o rechazo a la decisi\u00f3n Sport Club Argentino de permanecer o no en el presente Torneo Clausura<\/h4>\n<p>Ante el pedido del Sport Club Argentino la comisi\u00f3n directiva tom\u00f3 una determinaci\u00f3n:<\/p>\n<p>\u00ab<strong><span style=\"color: #000000;\"><em>Habilitar a los 3 clubes que van a ir al Regional Amateur a que hagan uso de esta licencia o no, de seguir participando en los torneos , o lo que queda de la Liga <\/em><\/span><\/strong><span style=\"color: #000000;\"><b><i>Alvearenses<\/i><\/b><\/span>\u00bb \u00ab<strong><span style=\"color: #000000;\">van a tener hasta el viernes a las 21:30 para manifestar por escrito tanto Andes como Pac\u00edfico, la participaci\u00f3n o no los encuentros que quedan pendientes del campeonato<\/span><\/strong>\u00bb expres\u00f3 <strong><span style=\"color: #0000ff;\">Homero Di Berardino.<\/span><\/strong><\/p>\n<p><img loading=\"lazy\" decoding=\"async\" class=\"\" src=\"https:\/\/scontent.fnqn2-1.fna.fbcdn.net\/v\/t39.30808-6\/385068374_271633592517173_6712080263095638258_n.jpg?stp=dst-jpg_s640x640&amp;_nc_cat=101&amp;ccb=1-7&amp;_nc_sid=5614bc&amp;_nc_ohc=bSFgJ_Lpd5QAX8WxpKv&amp;_nc_ht=scontent.fnqn2-1.fna&amp;cb_e2o_trans=t&amp;oh=00_AfDEDj8qjaDkD6OnqDxHQmkpoJmWuoOPr4lqqSFGJ_p8Lg&amp;oe=6523908C\" alt=\"Puede ser una imagen de texto que dice &quot;TRIBUNAL DE PENAS LAF Reuni\u00f3n EXTRAORDINARIA VIERNES 6\/10&quot;\" width=\"294\" height=\"368\" \/><\/p>\n<p>De esta manera \u00ab<span style=\"color: #000000;\"><em><span style=\"color: #000000;\">la postura de Argentinos es esperar un fallo que est\u00e1n apelando en el tribunal de pena, el cu\u00e1l lo conocer\u00edamos este\u00a0viernes a la noche<\/span><\/em><\/span>\u00ab.<\/p>\n<p>Si bien la decisi\u00f3n es llevada a cabo por el tribunal de pena, el Presidente se refiri\u00f3 a lo incidentes ocurridos:<\/p>\n<p>\u00ab<em><b>Todav\u00eda no he le\u00eddo ning\u00fan repudio, de ninguno de los equipos respecto a la conducta que tuvieron sus jugadores ,lo cu\u00e1l a mi si me hubiera gustado ,lo que si tambi\u00e9n es importante decirle a la gente , que no va a ver m\u00e1s operativos de seguridad privada total, sino va ser mixto junto con<\/b><\/em> <em style=\"font-weight: bold;\">la<\/em><em><b>\u00a0Polic\u00eda\u00a0de Mendoza<\/b><\/em>\u00bb<\/p>\n<p>&nbsp;<\/p>\n<p>CC<\/p>\n<p>&nbsp;<\/p>\n","protected":false},"excerpt":{"rendered":"<p>En el d\u00eda de ayer Homero Di Berardino Presidente de la Liga Alvearense convoc\u00f3 una Reuni\u00f3n Extraordinaria para dar aceptaci\u00f3n o &#8230;<\/p>\n","protected":false},"author":7,"featured_media":3846,"comment_status":"open","ping_status":"open","sticky":false,"template":"","format":"standard","meta":{"footnotes":""},"categories":[5,3],"tags":[],"class_list":["post-127986","post","type-post","status-publish","format-standard","has-post-thumbnail","hentry","category-actualidad","category-deportes"],"_links":{"self":[{"href":"https:\/\/vinasfm.com\/noticias\/wp-json\/wp\/v2\/posts\/127986","targetHints":{"allow":["GET"]}}],"collection":[{"href":"https:\/\/vinasfm.com\/noticias\/wp-json\/wp\/v2\/posts"}],"about":[{"href":"https:\/\/vinasfm.com\/noticias\/wp-json\/wp\/v2\/types\/post"}],"author":[{"embeddable":true,"href":"https:\/\/vinasfm.com\/noticias\/wp-json\/wp\/v2\/users\/7"}],"replies":[{"embeddable":true,"href":"https:\/\/vinasfm.com\/noticias\/wp-json\/wp\/v2\/comments?post=127986"}],"version-history":[{"count":13,"href":"https:\/\/vinasfm.com\/noticias\/wp-json\/wp\/v2\/posts\/127986\/revisions"}],"predecessor-version":[{"id":128023,"href":"https:\/\/vinasfm.com\/noticias\/wp-json\/wp\/v2\/posts\/127986\/revisions\/128023"}],"wp:featuredmedia":[{"embeddable":true,"href":"https:\/\/vinasfm.com\/noticias\/wp-json\/wp\/v2\/media\/3846"}],"wp:attachment":[{"href":"https:\/\/vinasfm.com\/noticias\/wp-json\/wp\/v2\/media?parent=127986"}],"wp:term":[{"taxonomy":"category","embeddable":true,"href":"https:\/\/vinasfm.com\/noticias\/wp-json\/wp\/v2\/categories?post=127986"},{"taxonomy":"post_tag","embeddable":true,"href":"https:\/\/vinasfm.com\/noticias\/wp-json\/wp\/v2\/tags?post=127986"}],"curies":[{"name":"wp","href":"https:\/\/api.w.org\/{rel}","templated":true}]}}