{"id":127742,"date":"2023-09-29T10:25:38","date_gmt":"2023-09-29T13:25:38","guid":{"rendered":"https:\/\/vinasfm.com\/noticias\/?p=127742"},"modified":"2023-09-30T10:13:59","modified_gmt":"2023-09-30T13:13:59","slug":"proyecto-en-el-congreso-busca-extender-el-plazo-de-validez-de-las-licencias-de-conducir","status":"publish","type":"post","link":"https:\/\/vinasfm.com\/noticias\/proyecto-en-el-congreso-busca-extender-el-plazo-de-validez-de-las-licencias-de-conducir\/","title":{"rendered":"PROYECTO EN EL CONGRESO BUSCA EXTENDER EL PLAZO DE VALIDEZ DE LAS LICENCIAS DE CONDUCIR"},"content":{"rendered":"<h4><strong>Hace unos d\u00edas, el diputado nacional Julio Cobos present\u00f3 un proyecto de ley con el objetivo de modificar la Ley de Tr\u00e1nsito y flexibilizar la renovaci\u00f3n de las licencias de conducir. Seg\u00fan las propias palabras del funcionario, la iniciativa pone el foco principalmente en simplificar los tr\u00e1mites y extender los plazos de renovaci\u00f3n.<\/strong><\/h4>\n<p><em><strong>\u00abLa propuesta tiene varias aristas importantes. En lo que respecta a la extensi\u00f3n de la validez de la licencia de conducir, lo que se propone es que para las personas de hasta 65 a\u00f1os la validez de las licencias pase de 5 a 10 a\u00f1os. Con esto se evita que el ciudadano haga el tr\u00e1mite tan seguido para obtener la habilitaci\u00f3n. En ese mismo sentido, queremos extender el plazo de vigencia de 3 a 5 a\u00f1os para los mayores de 65 a\u00f1os y menores de 70. Luego de esa edad, este plazo se podr\u00eda extender solamente a dos\u00bb<\/strong><\/em>, explic\u00f3 Julio Cobos.<\/p>\n<p><em><strong>\u00abTambi\u00e9n impulsamos la eliminaci\u00f3n obligatoria de rendir el examen te\u00f3rico pr\u00e1ctico todas las veces que el ciudadano renueva su licencia, pensamos que el psicof\u00edsico debe ser el \u00fanico requisito\u00bb<\/strong><\/em>, ampli\u00f3 en relaci\u00f3n a los cambios que se buscan poder establecer.<\/p>\n<p><em><strong>\u00abAhora bien, si un ciudadano cambia de domicilio tiene solamente tres meses para realizar el respectivo cambio de la licencia de conducir. Creemos que esto es algo innecesario. Por ese motivo, el proyecto de ley establece que las variaciones en los datos personales sean informadas directamente desde el Registro Nacional de las Personas a la Agencia Nacional de Seguridad Vial. Lo m\u00e1s relevante es que no caduque, porque si la persona no hace el tr\u00e1mite dentro del plazo de los tres meses se queda sin su carnet de conducir habilitado\u00bb<\/strong><\/em>, argument\u00f3 Julio Cobos.<\/p>\n<p>Despu\u00e9s, describi\u00f3 las falencias que bajo su punto de vista tiene la normativa vigente. <em><strong>\u00abHoy la ley tiene un vac\u00edo muy importante en ese aspecto. La caducidad de pleno derecho de la licencia frente a estos hechos implica un grave riesgo para el sistema, ya que expone a los conductores muchas veces a la situaci\u00f3n de conducir con una licencia vencida sin saberlo. Esto ocurre, por ejemplo, con quien cambia de domicilio\u00bb<\/strong><\/em>, argument\u00f3.<\/p>\n<p>Luego, explic\u00f3 que la iniciativa contempla la creaci\u00f3n de nuevas categor\u00edas en las licencias de conducir y dio detalles de lo que esto comprende. <em><strong>\u00abSe trata de dos nuevas categor\u00edas de licencia de conducir para veh\u00edculos de arrastre. Por un lado, la que denominamos Clase B3, para autom\u00f3viles, camionetas, vans de uso privado y casas rodantes motorizadas hasta 4.500kg de peso total, esta incluye la clase B.1 y B.2. Por otro, tambi\u00e9n se crea la Clase B3.1 para autom\u00f3viles, camionetas, vans de uso privado y casas rodantes motorizadas hasta 4.500kg de peso con un acoplado de hasta 1500kg o casa rodante no motorizada\u201d<\/strong><\/em>, especific\u00f3.<\/p>\n<p>Asimismo, hizo hincapi\u00e9 en la toma de consciencia que debe existir por parte de la sociedad en todo lo que respecta a esta tem\u00e1tica. <em><strong>\u201cM\u00e1s all\u00e1 de todas las normativas uno apela siempre a la responsabilidad ciudadana. Las personas mayores son las m\u00e1s prudentes a la hora de manejar. Son quienes respetan m\u00e1s las leyes. Hasta el momento la propuesta tuvo buena aceptaci\u00f3n y cuenta con el respaldo de diputados de diferentes bloques. As\u00ed que estamos a la espera de escuchar nuevos aportes. Siempre es bueno que se pueda debatir\u00bb<\/strong><\/em>, asegur\u00f3 el diputado nacional mendocino.<\/p>\n<p>Para concluir, coment\u00f3 en qu\u00e9 instancia parlamentaria se encuentra el proyecto.<em><strong> \u00abEste mi\u00e9rcoles habl\u00e9 con la presidenta de la C\u00e1mara para pedirle que se lo gire a las comisiones para su tratamiento. Me parece que es un tema que no es partidario ni ideol\u00f3gico, es simplemente sentido com\u00fan a lo que se apunta. Hay mucho consenso al respecto, as\u00ed que estar\u00eda bueno enriquecer la propuesta entre todos. Hemos tomado muchos antecedentes de otros pa\u00edses, tambi\u00e9n se les consult\u00f3 a los municipios para unificar criterios\u00bb<\/strong><\/em>, concluy\u00f3.<\/p>\n<p>&nbsp;<\/p>\n","protected":false},"excerpt":{"rendered":"<p>Hace unos d\u00edas, el diputado nacional Julio Cobos present\u00f3 un proyecto de ley con el objetivo de modificar la Ley de &#8230;<\/p>\n","protected":false},"author":7,"featured_media":127743,"comment_status":"open","ping_status":"open","sticky":false,"template":"","format":"standard","meta":{"footnotes":""},"categories":[5,10],"tags":[],"class_list":["post-127742","post","type-post","status-publish","format-standard","has-post-thumbnail","hentry","category-actualidad","category-destacadas"],"_links":{"self":[{"href":"https:\/\/vinasfm.com\/noticias\/wp-json\/wp\/v2\/posts\/127742","targetHints":{"allow":["GET"]}}],"collection":[{"href":"https:\/\/vinasfm.com\/noticias\/wp-json\/wp\/v2\/posts"}],"about":[{"href":"https:\/\/vinasfm.com\/noticias\/wp-json\/wp\/v2\/types\/post"}],"author":[{"embeddable":true,"href":"https:\/\/vinasfm.com\/noticias\/wp-json\/wp\/v2\/users\/7"}],"replies":[{"embeddable":true,"href":"https:\/\/vinasfm.com\/noticias\/wp-json\/wp\/v2\/comments?post=127742"}],"version-history":[{"count":1,"href":"https:\/\/vinasfm.com\/noticias\/wp-json\/wp\/v2\/posts\/127742\/revisions"}],"predecessor-version":[{"id":127744,"href":"https:\/\/vinasfm.com\/noticias\/wp-json\/wp\/v2\/posts\/127742\/revisions\/127744"}],"wp:featuredmedia":[{"embeddable":true,"href":"https:\/\/vinasfm.com\/noticias\/wp-json\/wp\/v2\/media\/127743"}],"wp:attachment":[{"href":"https:\/\/vinasfm.com\/noticias\/wp-json\/wp\/v2\/media?parent=127742"}],"wp:term":[{"taxonomy":"category","embeddable":true,"href":"https:\/\/vinasfm.com\/noticias\/wp-json\/wp\/v2\/categories?post=127742"},{"taxonomy":"post_tag","embeddable":true,"href":"https:\/\/vinasfm.com\/noticias\/wp-json\/wp\/v2\/tags?post=127742"}],"curies":[{"name":"wp","href":"https:\/\/api.w.org\/{rel}","templated":true}]}}