{"id":127721,"date":"2023-09-29T09:30:10","date_gmt":"2023-09-29T12:30:10","guid":{"rendered":"https:\/\/vinasfm.com\/noticias\/?p=127721"},"modified":"2023-09-29T11:25:18","modified_gmt":"2023-09-29T14:25:18","slug":"mendoza-sigue-sumando-medallas-en-las-finales-de-los-evita-2023","status":"publish","type":"post","link":"https:\/\/vinasfm.com\/noticias\/mendoza-sigue-sumando-medallas-en-las-finales-de-los-evita-2023\/","title":{"rendered":"MENDOZA SIGUE SUMANDO MEDALLAS EN LAS FINALES DE LOS EVITA 2023"},"content":{"rendered":"<p><strong>En la segunda jornada de competencias, los representantes locales sumaron 22 medallas para la provincia.<\/strong><\/p>\n<p>Durante un despejado d\u00eda en Mar del Plata, se desarroll\u00f3 la segunda jornada de los Juegos Nacionales Evita Juveniles y Adaptados 2023. La delegaci\u00f3n de Mendoza logr\u00f3 obtener\u00a0<strong>22 medallas m\u00e1s<\/strong>, entre las que se destaca especialmente el atletismo, tanto convencional como de adaptados, que cosech\u00f3 la mayor cantidad de las preseas.<\/p>\n<p><strong>Los Oro\u00a0<\/strong>fueron conseguidos por Lucas Suroli en 100 metros con vallas Sub-14 convencional; Alexis Jofr\u00e9, en 150 metros T37 Sub-14; Abigail Chulque, en los 80 metros T44 Sub-14 Adaptado. Luego hubo otras 14 medallas entre Plata y Bronce, tanto en las convencionales como en los adaptados.<\/p>\n<p>Entre los deportistas mendocinos se destac\u00f3 nuevamente el nadador Lautaro Gaido, quien esta vez se llev\u00f3 la medalla dorada en 100 metros libres. A su vez, Delina Moyano se colg\u00f3 la medalla de Oro en\u00a0<em>mountain bike<\/em>\u00a0Sub-14 Damas, mientras que Guadalupe de Martos se consagr\u00f3 subcampeona Sub-16, tambi\u00e9n en MTB.<\/p>\n<p>En Nataci\u00f3n Adaptada, Lautaro Rodr\u00edguez, en 25 metros libres ciegos y discapacidad visual Sub-16, y Ezequiel Marcos, en estilo espalda motor Sub- 16, lograron Oro.<\/p>\n<p><img loading=\"lazy\" decoding=\"async\" class=\"\" src=\"https:\/\/www.mendoza.gov.ar\/wp-content\/uploads\/sites\/5\/2023\/09\/WhatsApp-Image-2023-09-28-at-07.53.45-700x525.jpeg\" width=\"292\" height=\"219\" \/> \u00a0<img loading=\"lazy\" decoding=\"async\" class=\"\" src=\"https:\/\/www.mendoza.gov.ar\/wp-content\/uploads\/sites\/5\/2023\/09\/WhatsApp-Image-2023-09-28-at-07.59.121-700x394.jpeg\" width=\"387\" height=\"218\" \/><\/p>\n<p><img loading=\"lazy\" decoding=\"async\" class=\"\" src=\"https:\/\/www.mendoza.gov.ar\/wp-content\/uploads\/sites\/5\/2023\/09\/WhatsApp-Image-2023-09-28-at-12.08.22.jpeg\" width=\"210\" height=\"373\" \/> \u00a0<img loading=\"lazy\" decoding=\"async\" class=\"\" src=\"https:\/\/www.mendoza.gov.ar\/wp-content\/uploads\/sites\/5\/2023\/09\/WhatsApp-Image-2023-09-28-at-07.56.17-700x1243.jpeg\" width=\"209\" height=\"371\" \/> \u00a0<img loading=\"lazy\" decoding=\"async\" class=\"\" src=\"https:\/\/www.mendoza.gov.ar\/wp-content\/uploads\/sites\/5\/2023\/09\/WhatsApp-Image-2023-09-28-at-12.08.21.jpeg\" width=\"209\" height=\"372\" \/><\/p>\n","protected":false},"excerpt":{"rendered":"<p>En la segunda jornada de competencias, los representantes locales sumaron 22 medallas para la provincia. Durante un despejado d\u00eda en Mar &#8230;<\/p>\n","protected":false},"author":7,"featured_media":127722,"comment_status":"open","ping_status":"open","sticky":false,"template":"","format":"standard","meta":{"footnotes":""},"categories":[5,3],"tags":[],"class_list":["post-127721","post","type-post","status-publish","format-standard","has-post-thumbnail","hentry","category-actualidad","category-deportes"],"_links":{"self":[{"href":"https:\/\/vinasfm.com\/noticias\/wp-json\/wp\/v2\/posts\/127721","targetHints":{"allow":["GET"]}}],"collection":[{"href":"https:\/\/vinasfm.com\/noticias\/wp-json\/wp\/v2\/posts"}],"about":[{"href":"https:\/\/vinasfm.com\/noticias\/wp-json\/wp\/v2\/types\/post"}],"author":[{"embeddable":true,"href":"https:\/\/vinasfm.com\/noticias\/wp-json\/wp\/v2\/users\/7"}],"replies":[{"embeddable":true,"href":"https:\/\/vinasfm.com\/noticias\/wp-json\/wp\/v2\/comments?post=127721"}],"version-history":[{"count":1,"href":"https:\/\/vinasfm.com\/noticias\/wp-json\/wp\/v2\/posts\/127721\/revisions"}],"predecessor-version":[{"id":127723,"href":"https:\/\/vinasfm.com\/noticias\/wp-json\/wp\/v2\/posts\/127721\/revisions\/127723"}],"wp:featuredmedia":[{"embeddable":true,"href":"https:\/\/vinasfm.com\/noticias\/wp-json\/wp\/v2\/media\/127722"}],"wp:attachment":[{"href":"https:\/\/vinasfm.com\/noticias\/wp-json\/wp\/v2\/media?parent=127721"}],"wp:term":[{"taxonomy":"category","embeddable":true,"href":"https:\/\/vinasfm.com\/noticias\/wp-json\/wp\/v2\/categories?post=127721"},{"taxonomy":"post_tag","embeddable":true,"href":"https:\/\/vinasfm.com\/noticias\/wp-json\/wp\/v2\/tags?post=127721"}],"curies":[{"name":"wp","href":"https:\/\/api.w.org\/{rel}","templated":true}]}}