{"id":127685,"date":"2023-09-28T10:27:49","date_gmt":"2023-09-28T13:27:49","guid":{"rendered":"https:\/\/vinasfm.com\/noticias\/?p=127685"},"modified":"2023-09-29T09:37:43","modified_gmt":"2023-09-29T12:37:43","slug":"elecciones-en-malargue-el-peronismo-conquisto-al-departamento","status":"publish","type":"post","link":"https:\/\/vinasfm.com\/noticias\/elecciones-en-malargue-el-peronismo-conquisto-al-departamento\/","title":{"rendered":"ELECCIONES EN MALARG\u00dcE: EL PERONISMO CONQUIST\u00d3 AL DEPARTAMENTO"},"content":{"rendered":"<p><strong>El ex gobernador, Celso Jaque, vuelve al gobierno departamental y le impidi\u00f3 la reelecci\u00f3n a Juan Manuel Ojeda. \u00a0<\/strong><\/p>\n<p>El corresponsal mlarg\u00fcino, Eduardo Araujo, detall\u00f3 c\u00f3mo qued\u00f3 organizado el gobierno del departamento sure\u00f1o tras las Elecciones Provinciales. <em><strong>\u201c<\/strong><strong>Jaque\u00a0volvi\u00f3 a imponerse por una amplia diferencia y a partir del 10 de diciembre comandar\u00e1 los destinos de<\/strong>\u00a0<strong>Malarg\u00fce\u201d<\/strong>.<\/em><\/p>\n<p>En la categor\u00eda concejales, el peronismo tambi\u00e9n super\u00f3 por m\u00e1s de 10 puntos al radicalismo (Cambia Mendoza) y se qued\u00f3 con 4 bancas:<\/p>\n<ul>\n<li><strong><span style=\"color: #800080;\">Cambia Mendoza:<\/span><\/strong> Viviana Mosca\u00a0(contin\u00faa hasta el 2026) y <strong>Pablo Villaruel<\/strong> (ingresa).<\/li>\n<li><strong><span style=\"color: #00ccff;\">Frente Eleg\u00ed:<\/span><\/strong> Rodrigo Hidalgo (contin\u00faa hasta el 2026), <strong>Pablo Cabrera, Emilce Mansilla y Magal\u00ed Acosta<\/strong> (ingresan)<\/li>\n<li><span style=\"color: #ff00ff;\"><strong>UCR Independiente:<\/strong><\/span> <strong>Mart\u00edn Palma<\/strong> (contin\u00faa hasta el 2026)<\/li>\n<li><strong><span style=\"color: #0000ff;\">Cuidemos Malarg\u00fce:<\/span> Silvina Camiolo<\/strong> (contin\u00faa hasta el 2026)<\/li>\n<li><strong><span style=\"color: #ff0000;\">Partido Federal:<\/span><\/strong> <strong>Francisco Parada<\/strong> (contin\u00faa hasta el 2026)<\/li>\n<li><strong><span style=\"color: #ff6600;\">La Uni\u00f3n Mendocina:<\/span> Eliana Gonz\u00e1lez<\/strong> (ingresa)<\/li>\n<\/ul>\n<p>Es de destacar que Malarg\u00fce fue el \u00fanico departamento en donde triunf\u00f3 el peronismo en las elecciones del 24 de septiembre.<\/p>\n","protected":false},"excerpt":{"rendered":"<p>El ex gobernador, Celso Jaque, vuelve al gobierno departamental y le impidi\u00f3 la reelecci\u00f3n a Juan Manuel Ojeda. \u00a0 El corresponsal &#8230;<\/p>\n","protected":false},"author":7,"featured_media":127686,"comment_status":"open","ping_status":"open","sticky":false,"template":"","format":"standard","meta":{"footnotes":""},"categories":[5,7],"tags":[],"class_list":["post-127685","post","type-post","status-publish","format-standard","has-post-thumbnail","hentry","category-actualidad","category-politica"],"_links":{"self":[{"href":"https:\/\/vinasfm.com\/noticias\/wp-json\/wp\/v2\/posts\/127685","targetHints":{"allow":["GET"]}}],"collection":[{"href":"https:\/\/vinasfm.com\/noticias\/wp-json\/wp\/v2\/posts"}],"about":[{"href":"https:\/\/vinasfm.com\/noticias\/wp-json\/wp\/v2\/types\/post"}],"author":[{"embeddable":true,"href":"https:\/\/vinasfm.com\/noticias\/wp-json\/wp\/v2\/users\/7"}],"replies":[{"embeddable":true,"href":"https:\/\/vinasfm.com\/noticias\/wp-json\/wp\/v2\/comments?post=127685"}],"version-history":[{"count":1,"href":"https:\/\/vinasfm.com\/noticias\/wp-json\/wp\/v2\/posts\/127685\/revisions"}],"predecessor-version":[{"id":127687,"href":"https:\/\/vinasfm.com\/noticias\/wp-json\/wp\/v2\/posts\/127685\/revisions\/127687"}],"wp:featuredmedia":[{"embeddable":true,"href":"https:\/\/vinasfm.com\/noticias\/wp-json\/wp\/v2\/media\/127686"}],"wp:attachment":[{"href":"https:\/\/vinasfm.com\/noticias\/wp-json\/wp\/v2\/media?parent=127685"}],"wp:term":[{"taxonomy":"category","embeddable":true,"href":"https:\/\/vinasfm.com\/noticias\/wp-json\/wp\/v2\/categories?post=127685"},{"taxonomy":"post_tag","embeddable":true,"href":"https:\/\/vinasfm.com\/noticias\/wp-json\/wp\/v2\/tags?post=127685"}],"curies":[{"name":"wp","href":"https:\/\/api.w.org\/{rel}","templated":true}]}}