{"id":127654,"date":"2023-09-27T17:54:25","date_gmt":"2023-09-27T20:54:25","guid":{"rendered":"https:\/\/vinasfm.com\/noticias\/?p=127654"},"modified":"2023-09-27T17:54:25","modified_gmt":"2023-09-27T20:54:25","slug":"anses-pagara-un-bono-de-94-000-pesos","status":"publish","type":"post","link":"https:\/\/vinasfm.com\/noticias\/anses-pagara-un-bono-de-94-000-pesos\/","title":{"rendered":"ANSES PAGAR\u00c1 UN BONO DE 94.000 PESOS"},"content":{"rendered":"<p><strong>Myrna Osorio brind\u00f3 detalles de la nueva medida anunciada por el Ministro de Econom\u00eda, Sergio Massa.<\/strong><\/p>\n<p>La Jefa de la Oficina local de ANSES se\u00f1al\u00f3 que <em><strong>\u00abla medida va direccionada al sector al que a\u00fan el Estado no hab\u00eda contenido despu\u00e9s de los altos \u00edndices inflacionarios\u00bb<\/strong><\/em>. Se trata de una asistencia econ\u00f3mica de $94.000, en dos cuotas de $47.000, para trabajadores informales (no registrados) y que no reciben ning\u00fan tipo de asistencia o beneficio<\/p>\n<p>La inscripci\u00f3n comenz\u00f3 este mi\u00e9rcoles 27 de septiembre, desde las 14:00 horas, en forma virtual. Para poder inscribirse es necesario contar con una Clave de Seguridad Social y una Cuenta Bancaria.<\/p>\n<p>Sobre la Clave de Seguridad Social dijo:<em><strong> \u00abMuchas personas se acercan a la oficina para recibir ayuda ya que han encontrado alg\u00fan tipo de complicaci\u00f3n, pero es un tr\u00e1mite que se puede hacer totalmente de manera virtual\u00bb.\u00a0<\/strong><\/em><\/p>\n<p>Es importante recordar que<em><strong> \u00abno hay un tiempo l\u00edmite para la inscripci\u00f3n, se podr\u00e1 realizar todos los d\u00edas desde las 14:00 y hasta las 22:00 horas\u00bb.<\/strong><\/em><\/p>\n<p>Por \u00faltimo, Myrna Osorio remarc\u00f3 que en el pa\u00eds<em><strong> \u00abya hay m\u00e1s 250.000 solicitudes ya aprobadas para acceder a los cr\u00e9ditos de ANSES y m\u00e1s de 36.000 personas que han recibido el dinero. En General Alvear son m\u00e1s de 150 las personas que, por el momento, han logrado acceder a los cr\u00e9ditos\u00bb.<\/strong><\/em><\/p>\n","protected":false},"excerpt":{"rendered":"<p>Myrna Osorio brind\u00f3 detalles de la nueva medida anunciada por el Ministro de Econom\u00eda, Sergio Massa. La Jefa de la Oficina &#8230;<\/p>\n","protected":false},"author":7,"featured_media":127655,"comment_status":"open","ping_status":"open","sticky":false,"template":"","format":"standard","meta":{"footnotes":""},"categories":[1],"tags":[],"class_list":["post-127654","post","type-post","status-publish","format-standard","has-post-thumbnail","hentry","category-fmvinas"],"_links":{"self":[{"href":"https:\/\/vinasfm.com\/noticias\/wp-json\/wp\/v2\/posts\/127654","targetHints":{"allow":["GET"]}}],"collection":[{"href":"https:\/\/vinasfm.com\/noticias\/wp-json\/wp\/v2\/posts"}],"about":[{"href":"https:\/\/vinasfm.com\/noticias\/wp-json\/wp\/v2\/types\/post"}],"author":[{"embeddable":true,"href":"https:\/\/vinasfm.com\/noticias\/wp-json\/wp\/v2\/users\/7"}],"replies":[{"embeddable":true,"href":"https:\/\/vinasfm.com\/noticias\/wp-json\/wp\/v2\/comments?post=127654"}],"version-history":[{"count":1,"href":"https:\/\/vinasfm.com\/noticias\/wp-json\/wp\/v2\/posts\/127654\/revisions"}],"predecessor-version":[{"id":127656,"href":"https:\/\/vinasfm.com\/noticias\/wp-json\/wp\/v2\/posts\/127654\/revisions\/127656"}],"wp:featuredmedia":[{"embeddable":true,"href":"https:\/\/vinasfm.com\/noticias\/wp-json\/wp\/v2\/media\/127655"}],"wp:attachment":[{"href":"https:\/\/vinasfm.com\/noticias\/wp-json\/wp\/v2\/media?parent=127654"}],"wp:term":[{"taxonomy":"category","embeddable":true,"href":"https:\/\/vinasfm.com\/noticias\/wp-json\/wp\/v2\/categories?post=127654"},{"taxonomy":"post_tag","embeddable":true,"href":"https:\/\/vinasfm.com\/noticias\/wp-json\/wp\/v2\/tags?post=127654"}],"curies":[{"name":"wp","href":"https:\/\/api.w.org\/{rel}","templated":true}]}}