{"id":127653,"date":"2023-09-27T20:32:05","date_gmt":"2023-09-27T23:32:05","guid":{"rendered":"https:\/\/vinasfm.com\/noticias\/?p=127653"},"modified":"2023-09-29T08:42:37","modified_gmt":"2023-09-29T11:42:37","slug":"este-domingo-sera-el-debate-presidencial","status":"publish","type":"post","link":"https:\/\/vinasfm.com\/noticias\/este-domingo-sera-el-debate-presidencial\/","title":{"rendered":"ESTE DOMINGO SER\u00c1 EL DEBATE PRESIDENCIAL"},"content":{"rendered":"<p><strong>El conductor de Ahora Pa\u00eds, Rodolfo Barili, formar\u00e1 parte del equipo de moderadores del debate presidencial, que se llevar\u00e1 a cabo el pr\u00f3ximo domingo 1\/10.<\/strong><\/p>\n<p>Cadena 3 transmitir\u00e1 el encuentro a trav\u00e9s de sus emisoras. A<strong><em> partir de las 20 horas en una edici\u00f3n especial de Show de Gigantes, Emanuel Anezin y Julio Perotti dar\u00e1n seguimiento al evento que mantendr\u00e1 en vilo al pa\u00eds, junto a la participaci\u00f3n de Ariel Rodr\u00edguez y Agust\u00edn Dadamio desde Santiago del Estero. El debate en s\u00ed mismo comienza a las 21:00 horas.<\/em><\/strong><\/p>\n<p>Para la realizaci\u00f3n del debate presidencial, la CNE (<strong>C\u00e1mara Nacional Electoral<\/strong>) elabor\u00f3 un formato en el que cada postulante tiene una instancia de\u00a0<strong>presentaci\u00f3n<\/strong>, desarrollo de los\u00a0<strong>ejes tem\u00e1ticos<\/strong>,\u00a0<strong>preguntas cruzadas<\/strong>\u00a0y un\u00a0<strong>cierre<\/strong>\u00a0ante el electorado.<\/p>\n<h2>EL ORDEN DE LOS CANDIDATOS<\/h2>\n<p class=\"com-paragraph --s\">Seg\u00fan lo definido al azar, durante el<strong>\u00a0primer debate presidencial\u00a0<\/strong>los atriles se ocupar\u00e1n, de izquierda a derecha, en el siguiente orden:\u00a0<strong>Myriam Bregman, Sergio Massa, Patricia Bullrich, Juan Schiaretti y Javier Milei.<\/strong><\/p>\n<p class=\"com-paragraph --s\">En el sorteo del orden de exposici\u00f3n se definieron distintos \u201croles\u201d, asignados a partir de letras del abecedario, que determinan qui\u00e9n abre el debate. De esta forma, el rol A, es decir la apertura, correspondi\u00f3 a\u00a0<strong>Bregman<\/strong>, mientras que luego le seguir\u00e1n\u00a0<strong>Milei, Massa, Bullrich y Schiaretti.<\/strong><\/p>\n<p><img decoding=\"async\" src=\"https:\/\/scontent.fnqn2-1.fna.fbcdn.net\/v\/t39.30808-6\/382599736_802709278526727_7802147071890764986_n.jpg?stp=dst-jpg_p206x206&amp;_nc_cat=108&amp;ccb=1-7&amp;_nc_sid=0df3a7&amp;_nc_ohc=zwkrtT2SsZIAX8gYfSr&amp;_nc_ht=scontent.fnqn2-1.fna&amp;cb_e2o_trans=t&amp;oh=00_AfD53LRK5OYEDm6dCOCebIM9ZgZaQNbFE2VvuWBlnQD8sg&amp;oe=651C5B92\" alt=\"Puede ser una imagen de 1 persona y texto\" \/> <img decoding=\"async\" src=\"https:\/\/scontent.fnqn2-1.fna.fbcdn.net\/v\/t39.30808-6\/382587860_802709228526732_334880027697112637_n.jpg?stp=dst-jpg_p206x206&amp;_nc_cat=106&amp;ccb=1-7&amp;_nc_sid=0df3a7&amp;_nc_ohc=RcNDdvM0OhsAX96YSvW&amp;_nc_ht=scontent.fnqn2-1.fna&amp;cb_e2o_trans=t&amp;oh=00_AfC1M8fctP-VDLF6JgpufSr39Izsvq1Qa-kY9OJnMBP7dQ&amp;oe=651B3C38\" alt=\"Puede ser una imagen de 1 persona y texto que dice &quot;CADENA 3 ELECCIONES SERGIO MASSA Uni\u00f3n Patria porla CADENA 3\u5ddd) SEGUILO EN WWW.CADENA3.COM&quot;\" \/> <img decoding=\"async\" src=\"https:\/\/scontent.fnqn2-1.fna.fbcdn.net\/v\/t39.30808-6\/382584488_802709235193398_1137295126626793497_n.jpg?stp=dst-jpg_p206x206&amp;_nc_cat=110&amp;ccb=1-7&amp;_nc_sid=0df3a7&amp;_nc_ohc=zLy80lDSPXgAX8FI5ki&amp;_nc_ht=scontent.fnqn2-1.fna&amp;cb_e2o_trans=t&amp;oh=00_AfC-qVNJ9KNyJeUMDr4oNrW_iuDNCMlCiow_paUs35WQ2g&amp;oe=651B11A6\" alt=\"Puede ser una imagen de 1 persona y texto que dice &quot;CADENA 3 ELECCIONES PATRICIA BULLRICH Juntos por el CAMBIO CADENA 3\u308a) SEGUILO EN WWW.CADENA3.COM&quot;\" \/> <img decoding=\"async\" src=\"https:\/\/scontent.fnqn2-1.fna.fbcdn.net\/v\/t39.30808-6\/381170780_802709248526730_3279848308860087680_n.jpg?stp=dst-jpg_p206x206&amp;_nc_cat=106&amp;ccb=1-7&amp;_nc_sid=0df3a7&amp;_nc_ohc=Ix7expJtGGAAX_MaRUW&amp;_nc_ht=scontent.fnqn2-1.fna&amp;cb_e2o_trans=t&amp;oh=00_AfBGc0PyGXm3fzu7SUjk_wa5pW4kxOKuKO258c-ti9EwnA&amp;oe=651B9267\" alt=\"Puede ser una imagen de 1 persona y texto\" \/> <img decoding=\"async\" src=\"https:\/\/scontent.fnqn2-1.fna.fbcdn.net\/v\/t39.30808-6\/382583517_802709218526733_8382195771906719100_n.jpg?stp=dst-jpg_p206x206&amp;_nc_cat=111&amp;ccb=1-7&amp;_nc_sid=0df3a7&amp;_nc_ohc=wgAMB2vvk-UAX94ayAL&amp;_nc_ht=scontent.fnqn2-1.fna&amp;cb_e2o_trans=t&amp;oh=00_AfCTJQsnvFk-FlMv-6WN08T3etkhEfiL9bsOcg_FZp_nsQ&amp;oe=651C6605\" alt=\"Puede ser una imagen de 1 persona y texto\" \/><\/p>\n<h2>\u00bfQUI\u00c9NES SON LOS MODERADORES DEL DEBATE PRESIDENCIAL?<\/h2>\n<p>Cada uno de los encuentros contar\u00e1 con la participaci\u00f3n de dos parejas de moderadores, conformadas por un periodista var\u00f3n y una conductora mujer de diferentes medios de comunicaci\u00f3n.<\/p>\n<p>Las duplas tendr\u00e1n un rol activo en cada bloque de debate, y se anticipa que la duraci\u00f3n de cada debate ser\u00e1 de aproximadamente <b>dos horas y quince minutos<\/b>, con dos interrupciones publicitarias, una de 12 minutos y otra de 8 minutos.<\/p>\n<ul>\n<li><strong>Rodolfo Barili &#8211; Telef\u00e9<\/strong><\/li>\n<li><strong>Evangelina Ramallo &#8211; Canal 9 Litoral<\/strong><\/li>\n<li><strong>Esteban Mirol &#8211; Elnueve<\/strong><\/li>\n<li><strong>Lucila Trujillo &#8211; TV P\u00fablica\/C5N<\/strong><\/li>\n<\/ul>\n","protected":false},"excerpt":{"rendered":"<p>El conductor de Ahora Pa\u00eds, Rodolfo Barili, formar\u00e1 parte del equipo de moderadores del debate presidencial, que se llevar\u00e1 a cabo &#8230;<\/p>\n","protected":false},"author":7,"featured_media":127714,"comment_status":"open","ping_status":"open","sticky":false,"template":"","format":"standard","meta":{"footnotes":""},"categories":[5,10],"tags":[],"class_list":["post-127653","post","type-post","status-publish","format-standard","has-post-thumbnail","hentry","category-actualidad","category-destacadas"],"_links":{"self":[{"href":"https:\/\/vinasfm.com\/noticias\/wp-json\/wp\/v2\/posts\/127653","targetHints":{"allow":["GET"]}}],"collection":[{"href":"https:\/\/vinasfm.com\/noticias\/wp-json\/wp\/v2\/posts"}],"about":[{"href":"https:\/\/vinasfm.com\/noticias\/wp-json\/wp\/v2\/types\/post"}],"author":[{"embeddable":true,"href":"https:\/\/vinasfm.com\/noticias\/wp-json\/wp\/v2\/users\/7"}],"replies":[{"embeddable":true,"href":"https:\/\/vinasfm.com\/noticias\/wp-json\/wp\/v2\/comments?post=127653"}],"version-history":[{"count":1,"href":"https:\/\/vinasfm.com\/noticias\/wp-json\/wp\/v2\/posts\/127653\/revisions"}],"predecessor-version":[{"id":127713,"href":"https:\/\/vinasfm.com\/noticias\/wp-json\/wp\/v2\/posts\/127653\/revisions\/127713"}],"wp:featuredmedia":[{"embeddable":true,"href":"https:\/\/vinasfm.com\/noticias\/wp-json\/wp\/v2\/media\/127714"}],"wp:attachment":[{"href":"https:\/\/vinasfm.com\/noticias\/wp-json\/wp\/v2\/media?parent=127653"}],"wp:term":[{"taxonomy":"category","embeddable":true,"href":"https:\/\/vinasfm.com\/noticias\/wp-json\/wp\/v2\/categories?post=127653"},{"taxonomy":"post_tag","embeddable":true,"href":"https:\/\/vinasfm.com\/noticias\/wp-json\/wp\/v2\/tags?post=127653"}],"curies":[{"name":"wp","href":"https:\/\/api.w.org\/{rel}","templated":true}]}}