{"id":127631,"date":"2023-09-27T09:29:56","date_gmt":"2023-09-27T12:29:56","guid":{"rendered":"https:\/\/vinasfm.com\/noticias\/?p=127631"},"modified":"2023-09-27T09:29:56","modified_gmt":"2023-09-27T12:29:56","slug":"imputaron-a-los-representantes-de-la-firma-espanola-que-pidieron-la-quiebra-de-fecovita","status":"publish","type":"post","link":"https:\/\/vinasfm.com\/noticias\/imputaron-a-los-representantes-de-la-firma-espanola-que-pidieron-la-quiebra-de-fecovita\/","title":{"rendered":"IMPUTARON A LOS REPRESENTANTES DE LA FIRMA ESPA\u00d1OLA QUE PIDIERON LA QUIEBRA DE FECOVITA"},"content":{"rendered":"<h4>La justicia porte\u00f1a hizo lugar a la denuncia por estafa y defraudaci\u00f3n por administraci\u00f3n fraudulenta realizada por Rub\u00e9n Panella, en representaci\u00f3n de Fecovita.<\/h4>\n<p>La sala\u00a0<strong>5 de la C\u00e1mara Nacional de Apelaciones en lo Criminal y Correccional\u00a0<\/strong>imput\u00f3 al presidente de la firma espa\u00f1ola Iberte, Juan Jos\u00e9 Retamero y a su representante en Argentina, Guillermo Garc\u00eda -ex presidente del INV- haci\u00e9ndole lugar a la denuncia por estafa y defraudaci\u00f3n por administraci\u00f3n fraudulenta realizada por Rub\u00e9n Panella, en nombre de la Federaci\u00f3n de Cooperativas Vitivin\u00edcolas Argentinas (Fecovita) de cuyo directorio est\u00e1 a cargo.<\/p>\n<p>El pedido de estafa y defraudaci\u00f3n tienen que ver con una\u00a0<strong><a href=\"https:\/\/www.diariouno.com.ar\/politica\/la-legislatura-se-metio-el-conflicto-fecovita-y-la-empresa-espanola-que-pide-su-quiebra-n1207906\" target=\"_blank\" rel=\"follow noopener\">serie de convenios incumplidos por parte de la empresa Iberte, de la que Fecovita fue socia hasta 2022.<\/a><\/strong><\/p>\n<article class=\"article-body\">\n<div class=\"article-content\">\n<div class=\"cuerpo\" data-twitter-link=\"\">\n<p>A su vez, Iberte ya hab\u00eda pedido la quiebra de Fecovita ante el Segundo Juzgado de Procesos Concursales, a cargo de la jueza Gloria Cortez, quien todav\u00eda no define qu\u00e9 suceder\u00e1 al respecto.<\/p>\n<\/div>\n<\/div>\n<\/article>\n<article class=\"article-body third-p\">\n<div class=\"article-content\">\n<div class=\"cuerpo\" data-twitter-link=\"\">\n<h2>Qu\u00e9 pasos legales implican la imputaci\u00f3n a los socios de Iberte<\/h2>\n<p>Fecovita no se qued\u00f3 quieta mientras el pedido de quiebra que pesa sobre las 29 cooperativas que la componen contin\u00faa sin resolverse. Lo que hizo fue recurrir a la justicia nacional, para denunciar a Iberte por estafa y defraudaci\u00f3n.<\/p>\n<p>Si bien ya se le dio curso y se notific\u00f3 a los sindicados por esta situaci\u00f3n -Retamero y Garc\u00eda- ahora resta que ellos nombren un abogado por su cuenta, para lo que tienen un plazo de tres d\u00edas, o bien, se les asignar\u00e1 uno que el Estado determine.<\/p>\n<p>Mientras tanto, los miembros del directorio de Fecovita siguen insistiendo en denunciar la extorsi\u00f3n de la que, seg\u00fan aseguran, han sido v\u00edctimas por parte de la firma espa\u00f1ola y en solicitar a la jueza que tome como prioritaria la resoluci\u00f3n de la quiebra, porque muchas familias dependen de que estas decisiones sean tomadas a tiempo.<\/p>\n<h2>Una trama de denuncias cruzadas entre Iberte y Fecovita<\/h2>\n<p>Casi como un matrimonio fallido, la relaci\u00f3n comercial entre Iberte y Fecovita dur\u00f3 aproximadamente un a\u00f1o. En abril de 2021, el gobernador de San Juan, Sergio U\u00f1ac, anunciaba una reuni\u00f3n con ambas firmas que hab\u00edan decidido unirse en pos de mejoras para ambas.<\/p>\n<p><strong>Iberte<\/strong>\u00a0y<strong>\u00a0Fecovita\u00a0<\/strong>crearon una firma denominada Evisa.<\/p>\n<p>Iberte, instalada en Europa del Este (puntualmente en Eslovaquia) ayudar\u00eda a Fecovita a ampliar sus horizontes o dicho de una manera m\u00e1s concreta: su cartera de clientes. En tanto, Fecovita, se compromet\u00eda a abastecer a Iberte de vino y mosto para su comercializaci\u00f3n.<\/p>\n<p>Pero, seg\u00fan explic\u00f3 el secretario general de\u00a0<strong>Fecovita<\/strong>, Marcelo Federicci, lejos de ocurrir eso, lo que pas\u00f3 fue que<strong>\u00a0Iberte\u00a0<\/strong>comenz\u00f3 a vender vino y mosto a los mismos clientes de Fecovita en Europa y As\u00eda, a menor precio. Es decir que, en lugar de ayudar a Fecovita a ampliar sus horizontes comerciales, la estaba ayudando a achicarlos.<\/p>\n<p>Se decidi\u00f3 entonces, y a trav\u00e9s de una asamblea,\u00a0<strong>dar por terminada la sociedad Evisa<\/strong>. El punto es que para que esto sucediera, se firmaron algunos acuerdos, que finalmente, no se cumplieron.<\/p>\n<p>Federicci asegur\u00f3 que desde la federaci\u00f3n quisieron darle un voto de confianza a Iberte y en un principio le enviaron el vino y mosto c\u00f3mo hab\u00edan acordado. Sin embargo, Iberte no cumpli\u00f3 con los pagos y las entregas cesaron por parte de Fecovita.<\/p>\n<p>Entonces\u00a0<strong>la empresa espa\u00f1ola recurri\u00f3 a la Justicia Concursal<\/strong>\u00a0de la provincia, para<strong>\u00a0pedir la quiebra<\/strong>\u00a0de la entidad que nuclea a 5.000 productores y 29 bodegas.<\/p>\n<p>Federicci tambi\u00e9n asegur\u00f3 que lo sorprende que en un principio, el pedido de<strong>\u00a0quiebra\u00a0<\/strong>que deb\u00eda enfrentar\u00a0<strong>Fecovita<\/strong>\u00a0<strong>fuera por casi 30 millones de d\u00f3lares\u00a0<\/strong>y<strong>\u00a0ahora es por 3 millones<\/strong>.<\/p>\n<p><strong>\u00ab\u00bfEn qu\u00e9 quedamos, primero dicen que debemos 30 millones de d\u00f3lares, y ahora la cifra se achic\u00f3 a 3 millones?\u00bb<\/strong><\/p>\n<p>Adem\u00e1s, destac\u00f3 que\u00a0<strong>Fecovita no se encuentra en cesaci\u00f3n de pagos<\/strong>, uno de los motivos por lo que se puede pedir la quiebra de una empresa,\u00a0<strong>como tampoco ha dejado de enviar despachos\u00a0<\/strong>en tiempo y forma a sus clientes.<\/p>\n<p>De todas maneras, a\u00fan no hay una respuesta firme por el pedido de quiebra a Fecovita, despu\u00e9s de 5 meses de realizada la solicitud. La situaci\u00f3n es al menos, at\u00edpica, ya que esta clase de presentaci\u00f3n se resuelven, a lo sumo de 6 semanas.<\/p>\n<\/div>\n<\/div>\n<\/article>\n","protected":false},"excerpt":{"rendered":"<p>La justicia porte\u00f1a hizo lugar a la denuncia por estafa y defraudaci\u00f3n por administraci\u00f3n fraudulenta realizada por Rub\u00e9n Panella, en representaci\u00f3n &#8230;<\/p>\n","protected":false},"author":7,"featured_media":127635,"comment_status":"open","ping_status":"open","sticky":false,"template":"","format":"standard","meta":{"footnotes":""},"categories":[1],"tags":[],"class_list":["post-127631","post","type-post","status-publish","format-standard","has-post-thumbnail","hentry","category-fmvinas"],"_links":{"self":[{"href":"https:\/\/vinasfm.com\/noticias\/wp-json\/wp\/v2\/posts\/127631","targetHints":{"allow":["GET"]}}],"collection":[{"href":"https:\/\/vinasfm.com\/noticias\/wp-json\/wp\/v2\/posts"}],"about":[{"href":"https:\/\/vinasfm.com\/noticias\/wp-json\/wp\/v2\/types\/post"}],"author":[{"embeddable":true,"href":"https:\/\/vinasfm.com\/noticias\/wp-json\/wp\/v2\/users\/7"}],"replies":[{"embeddable":true,"href":"https:\/\/vinasfm.com\/noticias\/wp-json\/wp\/v2\/comments?post=127631"}],"version-history":[{"count":1,"href":"https:\/\/vinasfm.com\/noticias\/wp-json\/wp\/v2\/posts\/127631\/revisions"}],"predecessor-version":[{"id":127637,"href":"https:\/\/vinasfm.com\/noticias\/wp-json\/wp\/v2\/posts\/127631\/revisions\/127637"}],"wp:featuredmedia":[{"embeddable":true,"href":"https:\/\/vinasfm.com\/noticias\/wp-json\/wp\/v2\/media\/127635"}],"wp:attachment":[{"href":"https:\/\/vinasfm.com\/noticias\/wp-json\/wp\/v2\/media?parent=127631"}],"wp:term":[{"taxonomy":"category","embeddable":true,"href":"https:\/\/vinasfm.com\/noticias\/wp-json\/wp\/v2\/categories?post=127631"},{"taxonomy":"post_tag","embeddable":true,"href":"https:\/\/vinasfm.com\/noticias\/wp-json\/wp\/v2\/tags?post=127631"}],"curies":[{"name":"wp","href":"https:\/\/api.w.org\/{rel}","templated":true}]}}